{"id":545,"date":"2013-12-10T12:11:14","date_gmt":"2013-12-10T11:11:14","guid":{"rendered":"http:\/\/veracruzdemontilla.com\/?p=545"},"modified":"2013-12-10T12:11:14","modified_gmt":"2013-12-10T11:11:14","slug":"acompanamos-a-nuestros-hermanos-de-la-brigada-en-el-dia-de-la-inmaculada","status":"publish","type":"post","link":"http:\/\/veracruzdemontilla.com\/?p=545","title":{"rendered":"Acompa\u00f1amos a nuestros hermanos de la brigada en el d\u00eda de la Inmaculada"},"content":{"rendered":"<p style=\"text-align: justify;\">Nuestro Hermano Mayor Miguel Navarro, junto a Florencio Polonio y Antonio Luis Jim\u00e9nez, capataz y vocal de cultos respectivamente de nuestra hermandad, visitaron este domingo la Base Militar de Cerro Muriano que acogi\u00f3 la celebraci\u00f3n del \u00abd\u00eda grande\u00bb de la Infanter\u00eda espa\u00f1ola, en el que se rinde homenaje a la Inmaculada Concepci\u00f3n por el amparo prestado a los soldados del Tercio de Bobadilla en 1585, cuando lucharon contra los holandeses en Bommel, en condiciones adversas.<\/p>\n<p style=\"text-align: justify;\">El recuerdo de esta efem\u00e9ride introdujo a los all\u00ed presentes en la conmemoraci\u00f3n de la festividad de la patrona, en la que participaron todas las unidades de la <strong>Brigada de Infanter\u00eda Mecanizada Guzm\u00e1n el Bueno X<\/strong>, realizando una parada militar presidida por el teniente general jefe de la Fuerza Terrestre, Jos\u00e9 Ignacio Medina Cebri\u00e1n.<\/p>\n<p style=\"text-align: justify;\">[media id=13 width=600 height=400]<\/p>\n<p style=\"text-align: justify;\">Los actos de esta jornada incluyeron el reconocimiento a personal de la brigada y la entrega del Premio Guzm\u00e1n el Bueno al Infoca de C\u00f3rdoba, por su colaboraci\u00f3n con el Ej\u00e9rcito. Tambi\u00e9n se homenaje\u00f3 a los fallecidos y los soldados desfilaron bajo las miradas de las autoridades, los familiares y allegados.<\/p>\n<p style=\"text-align: justify;\">El jefe de la brigada, el coronel Antonio Ruiz Olmos, record\u00f3 que el a\u00f1o pasado la Brimz X se encontraba en L\u00edbano durante estas fechas, cuando a\u00fan estaba bajo el mando del general Teodoro Ba\u00f1os. Adem\u00e1s, aludi\u00f3 al trabajo realizado para impulsar un grupo de alta disponibilidad que pueda integrarse en la OTAN y afirm\u00f3 que la presencia del pr\u00edncipe Felipe en los ejercicios realizados en Zaragoza recientemente \u00abha sido el broche de oro a un intenso a\u00f1o de preparaci\u00f3n\u00bb.<\/p>\n","protected":false},"excerpt":{"rendered":"<p>Nuestro Hermano Mayor Miguel Navarro, junto a Florencio Polonio y Antonio Luis Jim\u00e9nez, capataz y vocal de cultos respectivamente de nuestra hermandad, visitaron este domingo la Base Militar de Cerro Muriano que acogi\u00f3 la celebraci\u00f3n del \u00abd\u00eda grande\u00bb de la Infanter\u00eda espa\u00f1ola, en el que se rinde homenaje a la Inmaculada Concepci\u00f3n por el amparo [&#038;hellip<\/p>\n","protected":false},"author":1,"featured_media":547,"comment_status":"closed","ping_status":"open","sticky":false,"template":"","format":"standard","meta":{"advanced_seo_description":"","spay_email":"","jetpack_publicize_message":"","jetpack_is_tweetstorm":false},"categories":[5],"tags":[4],"jetpack_featured_media_url":"https:\/\/i0.wp.com\/veracruzdemontilla.com\/wp-content\/uploads\/2013\/12\/brimz_inmaculada_01.jpg?fit=640%2C400","jetpack_publicize_connections":[],"wpmagazine_modules_lite_featured_media_urls":{"thumbnail":["https:\/\/i0.wp.com\/veracruzdemontilla.com\/wp-content\/uploads\/2013\/12\/brimz_inmaculada_01.jpg?resize=150%2C150",150,150,true],"cvmm-medium":["https:\/\/i0.wp.com\/veracruzdemontilla.com\/wp-content\/uploads\/2013\/12\/brimz_inmaculada_01.jpg?resize=300%2C300",300,300,true],"cvmm-medium-plus":["https:\/\/i0.wp.com\/veracruzdemontilla.com\/wp-content\/uploads\/2013\/12\/brimz_inmaculada_01.jpg?resize=305%2C207",305,207,true],"cvmm-portrait":["https:\/\/i0.wp.com\/veracruzdemontilla.com\/wp-content\/uploads\/2013\/12\/brimz_inmaculada_01.jpg?resize=400%2C400",400,400,true],"cvmm-medium-square":["https:\/\/i0.wp.com\/veracruzdemontilla.com\/wp-content\/uploads\/2013\/12\/brimz_inmaculada_01.jpg?resize=600%2C400",600,400,true],"cvmm-large":["https:\/\/i0.wp.com\/veracruzdemontilla.com\/wp-content\/uploads\/2013\/12\/brimz_inmaculada_01.jpg?resize=640%2C400",640,400,true],"cvmm-small":["https:\/\/i0.wp.com\/veracruzdemontilla.com\/wp-content\/uploads\/2013\/12\/brimz_inmaculada_01.jpg?resize=130%2C95",130,95,true],"full":["https:\/\/i0.wp.com\/veracruzdemontilla.com\/wp-content\/uploads\/2013\/12\/brimz_inmaculada_01.jpg?fit=640%2C400",640,400,false]},"categories_names":{"5":{"name":"Actualidad","link":"http:\/\/veracruzdemontilla.com\/?cat=5"}},"tags_names":{"4":{"name":"Favoritos","link":"http:\/\/veracruzdemontilla.com\/?tag=favoritos"}},"comments_number":"0","jetpack_sharing_enabled":true,"jetpack_shortlink":"https:\/\/wp.me\/p9INPk-8N","jetpack_likes_enabled":true,"jetpack-related-posts":[{"id":1237,"url":"http:\/\/veracruzdemontilla.com\/?p=1237","url_meta":{"origin":545,"position":0},"title":"La Brimz vive su fiesta \u00abdisponible para responder\u00bb a m\u00e1s misiones","date":"11 diciembre, 2015","format":"video","excerpt":"Fuente y Foto: Diario C\u00f3rdoba V\u00eddeo: Cofrad\u00eda Vera Cruz Montilla La Brigada Mecanizada (Brimz) Guzm\u00e1n el Bueno X celebr\u00f3 el pasado martes\u00a0la festividad de la patrona del cuerpo de Infanter\u00eda, la Inmaculada Concepci\u00f3n, con un acto castrense en el que el general jefe, Antonio Ruiz Olmos, reivindic\u00f3 la \"fortaleza moral\"\u2026","rel":"","context":"En \u00abActualidad\u00bb","img":{"alt_text":"","src":"https:\/\/i1.wp.com\/veracruzdemontilla.com\/wp-content\/uploads\/2015\/12\/brimz_fiesta.jpg?fit=640%2C400&resize=350%2C200","width":350,"height":200},"classes":[]},{"id":1301,"url":"http:\/\/veracruzdemontilla.com\/?p=1301","url_meta":{"origin":545,"position":1},"title":"Un a\u00f1o m\u00e1s, la Brigada de Infanter\u00eda Mecanizada \u201cGuzm\u00e1n El Bueno\u201d X acompa\u00f1ar\u00e1 al Santo Cristo de Zacatecas","date":"22 marzo, 2016","format":false,"excerpt":"Un a\u00f1o m\u00e1s, la Banda de Cornetas y Tambores de la Brigada de Infanter\u00eda Mecanizada \u201cGuzm\u00e1n El Bueno\u201d X acompa\u00f1ar\u00e1 al Santo Cristo de Zacatecas y a su bendita Madre del Socorro en su\u00a0estaci\u00f3n de penitencia en esta tarde de\u00a0Martes Santo. La Brigada de Infanter\u00eda Mecanizada (Brimz) 'Guzm\u00e1n el Bueno'\u2026","rel":"","context":"En \u00abActualidad\u00bb","img":{"alt_text":"","src":"https:\/\/i0.wp.com\/veracruzdemontilla.com\/wp-content\/uploads\/2016\/03\/banda.jpg?fit=640%2C400&resize=350%2C200","width":350,"height":200},"classes":[]},{"id":923,"url":"http:\/\/veracruzdemontilla.com\/?p=923","url_meta":{"origin":545,"position":2},"title":"La Brigada de Infanter\u00eda Mecanizada Guzm\u00e1n el Bueno X acoge un taller sobre trasplantes","date":"13 septiembre, 2014","format":false,"excerpt":"Alrededor de 600 militares pertenecientes a la Brigada de Infanter\u00eda Mecanizada Guzm\u00e1n el Bueno X, participaron ayer en un taller destinado a la promoci\u00f3n de la donaci\u00f3n de \u00f3rganos, actividad organizada por el Hospital Reina Sof\u00eda que se enmarca dentro del 35 aniversario del primer trasplante realizado en C\u00f3rdoba. El\u2026","rel":"","context":"En \u00abActualidad\u00bb","img":{"alt_text":"","src":"https:\/\/i2.wp.com\/veracruzdemontilla.com\/wp-content\/uploads\/2014\/09\/trasplantes.jpg?fit=640%2C400&resize=350%2C200","width":350,"height":200},"classes":[]},{"id":1219,"url":"http:\/\/veracruzdemontilla.com\/?p=1219","url_meta":{"origin":545,"position":3},"title":"La Brigada Guzm\u00e1n el Bueno X cierra los actos del Gran Capit\u00e1n","date":"29 noviembre, 2015","format":false,"excerpt":"La Brigada de Infanter\u00eda Mecanizada (Brimz) Guzm\u00e1n el Bueno X, con sede en Cerro Muriano, escogi\u00f3 ayer el castillo de Montilla, lugar en el que vio la luz El Gran Capit\u00e1n, para clausurar los actos conmemorativos del quinto centenario del fallecimiento del militar montillano. Y lo hizo con un sentido\u2026","rel":"","context":"En \u00abActualidad\u00bb","img":{"alt_text":"","src":"https:\/\/i0.wp.com\/veracruzdemontilla.com\/wp-content\/uploads\/2015\/11\/fingrancapitan.jpg?fit=640%2C400&resize=350%2C200","width":350,"height":200},"classes":[]},{"id":222,"url":"http:\/\/veracruzdemontilla.com\/?p=222","url_meta":{"origin":545,"position":4},"title":"La Brigada de Infanter\u00eda Mecanizada \u201cGuzm\u00e1n el Bueno\u201d n\u00famero X, toma Bail\u00e9n","date":"24 julio, 2013","format":false,"excerpt":"La Compa\u00f1\u00eda de Honores del Regimiento de Infanter\u00eda Mecanizada C\u00f3rdoba n\u00famero 2, de guarnici\u00f3n en C\u00f3rdoba, con bandera, banda de guerra de la Brigada de Infanter\u00eda Mecanizada \u201cGuzm\u00e1n el Bueno\u201d n\u00famero X y escuadra de gastadores hizo su entrada en Bail\u00e9n a las 11:45 Las fiestas conmemorativas del 205 aniversario\u2026","rel":"","context":"En \u00abActualidad\u00bb","img":{"alt_text":"","src":"https:\/\/i2.wp.com\/veracruzdemontilla.com\/wp-content\/uploads\/2013\/07\/DSC00460.jpg?fit=1200%2C900&resize=350%2C200","width":350,"height":200},"classes":[]},{"id":636,"url":"http:\/\/veracruzdemontilla.com\/?p=636","url_meta":{"origin":545,"position":5},"title":"447 ANIVERSARIO DE LA FUNDACI\u00d3N DEL RIMZ C\u00d3RDOBA 10","date":"26 febrero, 2014","format":false,"excerpt":"Este a\u00f1o se cumple el 447 aniversario de la fundaci\u00f3n del Tercio de Figueroa, del cual desciende el actual Regimiento de Infanter\u00eda Mecanizada C\u00f3rdoba 10 y al que se le conoce con el sobrenombre de \u201cEl Sacrificado\u201d. Tiene su base en Cerro Muriano (C\u00f3rdoba) y est\u00e1 integrado en la Brigada\u2026","rel":"","context":"En \u00abActualidad\u00bb","img":{"alt_text":"","src":"https:\/\/i0.wp.com\/veracruzdemontilla.com\/wp-content\/uploads\/2014\/02\/antoniohidalgo.jpg?fit=640%2C400&resize=350%2C200","width":350,"height":200},"classes":[]}],"_links":{"self":[{"href":"http:\/\/veracruzdemontilla.com\/index.php?rest_route=\/wp\/v2\/posts\/545"}],"collection":[{"href":"http:\/\/veracruzdemontilla.com\/index.php?rest_route=\/wp\/v2\/posts"}],"about":[{"href":"http:\/\/veracruzdemontilla.com\/index.php?rest_route=\/wp\/v2\/types\/post"}],"author":[{"embeddable":true,"href":"http:\/\/veracruzdemontilla.com\/index.php?rest_route=\/wp\/v2\/users\/1"}],"replies":[{"embeddable":true,"href":"http:\/\/veracruzdemontilla.com\/index.php?rest_route=%2Fwp%2Fv2%2Fcomments&post=545"}],"version-history":[{"count":5,"href":"http:\/\/veracruzdemontilla.com\/index.php?rest_route=\/wp\/v2\/posts\/545\/revisions"}],"predecessor-version":[{"id":553,"href":"http:\/\/veracruzdemontilla.com\/index.php?rest_route=\/wp\/v2\/posts\/545\/revisions\/553"}],"wp:featuredmedia":[{"embeddable":true,"href":"http:\/\/veracruzdemontilla.com\/index.php?rest_route=\/wp\/v2\/media\/547"}],"wp:attachment":[{"href":"http:\/\/veracruzdemontilla.com\/index.php?rest_route=%2Fwp%2Fv2%2Fmedia&parent=545"}],"wp:term":[{"taxonomy":"category","embeddable":true,"href":"http:\/\/veracruzdemontilla.com\/index.php?rest_route=%2Fwp%2Fv2%2Fcategories&post=545"},{"taxonomy":"post_tag","embeddable":true,"href":"http:\/\/veracruzdemontilla.com\/index.php?rest_route=%2Fwp%2Fv2%2Ftags&post=545"}],"curies":[{"name":"wp","href":"https:\/\/api.w.org\/{rel}","templated":true}]}}