{"id":541,"date":"2013-12-08T10:30:18","date_gmt":"2013-12-08T08:30:18","guid":{"rendered":"http:\/\/veracruzdemontilla.com\/?p=541"},"modified":"2013-12-08T09:57:19","modified_gmt":"2013-12-08T07:57:19","slug":"todo-preparado-para-el-besamanos-solidario","status":"publish","type":"post","link":"http:\/\/veracruzdemontilla.com\/?p=541","title":{"rendered":"Todo preparado para el besamanos solidario"},"content":{"rendered":"<p style=\"text-align: justify;\">Durante todo el d\u00eda, en horario de 11.00 a 14.00 de la tarde y de 17.00 a 21.00 de la noche, permanecer\u00e1n expuestas en besamanos las im\u00e1genes marianas de las hermandades de nuestra localidad.<\/p>\n<p style=\"text-align: justify;\">Nuestra Se\u00f1ora de la Paz recibir\u00e1 culto en la Ermita que lleva su nombre; nuestra titular Mar\u00eda Sant\u00edsima del Socorro, en la Bas\u00edlica de San Juan de \u00c1vila; Mar\u00eda Sant\u00edsima de la Amargura y Mar\u00eda Sant\u00edsima de los Dolores, en la Parroquia de San Sebasti\u00e1n; y Mar\u00eda Sant\u00edsima de la Caridad en sus Tristezas, Nuestra Se\u00f1ora de la Soledad, y la Virgen de la Aurora, en la Parroquia de San Francisco Solano.<\/p>\n<p>Por otro lado, Mar\u00eda Sant\u00edsima de la Estrella, en la Ermita de Nuestra Se\u00f1ora de la Merced; Mar\u00eda Sant\u00edsima de la Encarnaci\u00f3n, en la Capilla del Sagrado Descendimiento; Mar\u00eda Auxiliadora y Nuestra Madre Mar\u00eda de Nazaret, en la Capilla Padre Miguel Molina de la Residencia Salesiana; y Mar\u00eda Sant\u00edsima de la Esperanza, en la Ermita de La Rosa.<\/p>\n","protected":false},"excerpt":{"rendered":"<p>Durante todo el d\u00eda, en horario de 11.00 a 14.00 de la tarde y de 17.00 a 21.00 de la noche, permanecer\u00e1n expuestas en besamanos las im\u00e1genes marianas de las hermandades de nuestra localidad. Nuestra Se\u00f1ora de la Paz recibir\u00e1 culto en la Ermita que lleva su nombre; nuestra titular Mar\u00eda Sant\u00edsima del Socorro, en [&#038;hellip<\/p>\n","protected":false},"author":1,"featured_media":542,"comment_status":"closed","ping_status":"open","sticky":false,"template":"","format":"standard","meta":{"advanced_seo_description":"","spay_email":"","jetpack_publicize_message":"","jetpack_is_tweetstorm":false},"categories":[5],"tags":[],"jetpack_featured_media_url":"https:\/\/i2.wp.com\/veracruzdemontilla.com\/wp-content\/uploads\/2013\/12\/IMG-20131208-WA0001.jpg?fit=640%2C480","jetpack_publicize_connections":[],"wpmagazine_modules_lite_featured_media_urls":{"thumbnail":["https:\/\/i2.wp.com\/veracruzdemontilla.com\/wp-content\/uploads\/2013\/12\/IMG-20131208-WA0001.jpg?resize=150%2C150",150,150,true],"cvmm-medium":["https:\/\/i2.wp.com\/veracruzdemontilla.com\/wp-content\/uploads\/2013\/12\/IMG-20131208-WA0001.jpg?resize=300%2C300",300,300,true],"cvmm-medium-plus":["https:\/\/i2.wp.com\/veracruzdemontilla.com\/wp-content\/uploads\/2013\/12\/IMG-20131208-WA0001.jpg?resize=305%2C207",305,207,true],"cvmm-portrait":["https:\/\/i2.wp.com\/veracruzdemontilla.com\/wp-content\/uploads\/2013\/12\/IMG-20131208-WA0001.jpg?resize=400%2C480",400,480,true],"cvmm-medium-square":["https:\/\/i2.wp.com\/veracruzdemontilla.com\/wp-content\/uploads\/2013\/12\/IMG-20131208-WA0001.jpg?resize=600%2C480",600,480,true],"cvmm-large":["https:\/\/i2.wp.com\/veracruzdemontilla.com\/wp-content\/uploads\/2013\/12\/IMG-20131208-WA0001.jpg?resize=640%2C480",640,480,true],"cvmm-small":["https:\/\/i2.wp.com\/veracruzdemontilla.com\/wp-content\/uploads\/2013\/12\/IMG-20131208-WA0001.jpg?resize=130%2C95",130,95,true],"full":["https:\/\/i2.wp.com\/veracruzdemontilla.com\/wp-content\/uploads\/2013\/12\/IMG-20131208-WA0001.jpg?fit=640%2C480",640,480,false]},"categories_names":{"5":{"name":"Actualidad","link":"http:\/\/veracruzdemontilla.com\/?cat=5"}},"tags_names":[],"comments_number":"0","jetpack_sharing_enabled":true,"jetpack_shortlink":"https:\/\/wp.me\/p9INPk-8J","jetpack_likes_enabled":true,"jetpack-related-posts":[{"id":2161,"url":"http:\/\/veracruzdemontilla.com\/?p=2161","url_meta":{"origin":541,"position":0},"title":"Solemne besapi\u00e9s y besamanos del Viernes de Dolores","date":"11 abril, 2025","format":false,"excerpt":"Cada Viernes de Dolores la Parroquia de Santiago se convierte en un hervidero de devotos del Crucificado de Zacatecas y de Santa Mar\u00eda del Socorro. Durante la tarde noche de la jornada que inaugura las v\u00edsperas de la Semana Santa, nuestros titulares permanecen expuestos en devoto besapi\u00e9s y besamanos para\u2026","rel":"","context":"En \u00abActualidad\u00bb","img":{"alt_text":"","src":"https:\/\/i2.wp.com\/veracruzdemontilla.com\/wp-content\/uploads\/2025\/04\/WhatsApp-Image-2025-04-10-at-14.36.30.jpeg?fit=1057%2C793&resize=350%2C200","width":350,"height":200},"classes":[]},{"id":1385,"url":"http:\/\/veracruzdemontilla.com\/?p=1385","url_meta":{"origin":541,"position":1},"title":"Devoto besamanos de la solidaridad","date":"14 noviembre, 2017","format":false,"excerpt":"Con motivo de la festividad de la Inmaculada Concepci\u00f3n, Patrona de Espa\u00f1a, el pr\u00f3ximo 8 de diciembre tendr\u00e1 lugar el Devoto Besamanos de la Solidaridad, organizado por la Agrupaci\u00f3n de Cofrad\u00edas de Montilla, durante el cual Nuestra Se\u00f1ora del Socorro, titular mariana de la Cofrad\u00eda de la Vera Cruz, estar\u00e1\u2026","rel":"","context":"En \u00abActualidad\u00bb","img":{"alt_text":"Besamanos solidaro 2017","src":"https:\/\/i1.wp.com\/veracruzdemontilla.com\/wp-content\/uploads\/2017\/11\/besamanos_solidario2017-e1510668771651.jpg?fit=440%2C640&resize=350%2C200","width":350,"height":200},"classes":[]},{"id":533,"url":"http:\/\/veracruzdemontilla.com\/?p=533","url_meta":{"origin":541,"position":2},"title":"Besamanos solidario el pr\u00f3ximo 8 de diciembre","date":"5 diciembre, 2013","format":false,"excerpt":"La Agrupaci\u00f3n de Cofrad\u00edas ha organizado, por segundo a\u00f1o consecutivo, un besamanos general solidario con el fin de ayudar a las familias m\u00e1s necesitadas y rendir culto a la Virgen en su festividad. El besamanos tendr\u00e1 lugar el pr\u00f3ximo domingo, 8 de diciembre. Durante la jornada festiva, permanecer\u00e1n expuestas las\u2026","rel":"","context":"En \u00abActualidad\u00bb","img":{"alt_text":"","src":"https:\/\/i0.wp.com\/veracruzdemontilla.com\/wp-content\/uploads\/2013\/12\/04-besamanos-solidario.jpg?fit=640%2C400&resize=350%2C200","width":350,"height":200},"classes":[]},{"id":1306,"url":"http:\/\/veracruzdemontilla.com\/?p=1306","url_meta":{"origin":541,"position":3},"title":"Martes Santo, d\u00eda grande en Montilla","date":"24 marzo, 2016","format":"video","excerpt":"Montilla vivi\u00f3 ayer uno de sus d\u00edas grandes de la Semana Santa, gracias a las tres cofrad\u00edas que se echaron a la calle. La primera en celebrar su estaci\u00f3n de penitencia, desde la parroquia de Santiago Ap\u00f3stol, fue la Cofrad\u00eda Penitencial de la Santa Vera Cruz, cuyas im\u00e1genes titulares, el\u2026","rel":"","context":"En \u00abActualidad\u00bb","img":{"alt_text":"","src":"https:\/\/i2.wp.com\/veracruzdemontilla.com\/wp-content\/uploads\/2016\/03\/paseo_cervantes.jpg?fit=640%2C400&resize=350%2C200","width":350,"height":200},"classes":[]},{"id":1403,"url":"http:\/\/veracruzdemontilla.com\/?p=1403","url_meta":{"origin":541,"position":4},"title":"La Cofrad\u00eda de la Vera Cruz conmemora la festividad de la Inmaculada Concepci\u00f3n","date":"12 diciembre, 2017","format":false,"excerpt":"El pasado 8 de diciembre, la Cofrad\u00eda Penitencial de la Santa Vera Cruz, Santo Cristo de Zacatecas y Santa Mar\u00eda del Socorro, Madre de Dios y Se\u00f1ora Nuestra celebr\u00f3 la solemnidad mariana de la Inmaculada Concepci\u00f3n de Mar\u00eda Sant\u00edsima, una de las celebraciones de mayor arraigo dentro del tiempo de\u2026","rel":"","context":"En \u00abActualidad\u00bb","img":{"alt_text":"","src":"https:\/\/i2.wp.com\/veracruzdemontilla.com\/wp-content\/uploads\/2017\/12\/besamanos_solidario2017_2-e1513097502554.jpg?fit=640%2C853&resize=350%2C200","width":350,"height":200},"classes":[]},{"id":1139,"url":"http:\/\/veracruzdemontilla.com\/?p=1139","url_meta":{"origin":541,"position":5},"title":"Jornada de convivencia en el Santuario de Mar\u00eda Sant\u00edsima de la Sierra","date":"22 agosto, 2015","format":false,"excerpt":"Hoy\u00a0s\u00e1bado, 22 de agosto, fiesta de la Realeza universal de Santa Mar\u00eda, la Real Archicofrad\u00eda de la Virgen de la Sierra, ha organizado una jornada de convivencia en el Santuario de la\u00a0Patrona egabrense. En esta jornada, han participado hermandades y cofrad\u00edas, tanto de Cabra como de las poblaciones que fueron\u2026","rel":"","context":"En \u00abActualidad\u00bb","img":{"alt_text":"","src":"https:\/\/i1.wp.com\/veracruzdemontilla.com\/wp-content\/uploads\/2015\/08\/cabra.jpg?fit=640%2C400&resize=350%2C200","width":350,"height":200},"classes":[]}],"_links":{"self":[{"href":"http:\/\/veracruzdemontilla.com\/index.php?rest_route=\/wp\/v2\/posts\/541"}],"collection":[{"href":"http:\/\/veracruzdemontilla.com\/index.php?rest_route=\/wp\/v2\/posts"}],"about":[{"href":"http:\/\/veracruzdemontilla.com\/index.php?rest_route=\/wp\/v2\/types\/post"}],"author":[{"embeddable":true,"href":"http:\/\/veracruzdemontilla.com\/index.php?rest_route=\/wp\/v2\/users\/1"}],"replies":[{"embeddable":true,"href":"http:\/\/veracruzdemontilla.com\/index.php?rest_route=%2Fwp%2Fv2%2Fcomments&post=541"}],"version-history":[{"count":2,"href":"http:\/\/veracruzdemontilla.com\/index.php?rest_route=\/wp\/v2\/posts\/541\/revisions"}],"predecessor-version":[{"id":544,"href":"http:\/\/veracruzdemontilla.com\/index.php?rest_route=\/wp\/v2\/posts\/541\/revisions\/544"}],"wp:featuredmedia":[{"embeddable":true,"href":"http:\/\/veracruzdemontilla.com\/index.php?rest_route=\/wp\/v2\/media\/542"}],"wp:attachment":[{"href":"http:\/\/veracruzdemontilla.com\/index.php?rest_route=%2Fwp%2Fv2%2Fmedia&parent=541"}],"wp:term":[{"taxonomy":"category","embeddable":true,"href":"http:\/\/veracruzdemontilla.com\/index.php?rest_route=%2Fwp%2Fv2%2Fcategories&post=541"},{"taxonomy":"post_tag","embeddable":true,"href":"http:\/\/veracruzdemontilla.com\/index.php?rest_route=%2Fwp%2Fv2%2Ftags&post=541"}],"curies":[{"name":"wp","href":"https:\/\/api.w.org\/{rel}","templated":true}]}}