{"id":537,"date":"2013-12-06T13:50:36","date_gmt":"2013-12-06T11:50:36","guid":{"rendered":"http:\/\/veracruzdemontilla.com\/?p=537"},"modified":"2013-12-06T22:16:24","modified_gmt":"2013-12-06T20:16:24","slug":"festividad-de-la-inmaculada-concepcion","status":"publish","type":"post","link":"http:\/\/veracruzdemontilla.com\/?p=537","title":{"rendered":"Festividad de la Inmaculada Concepci\u00f3n"},"content":{"rendered":"<p style=\"text-align: justify;\">Como ya es sabido por todos, por iniciativa de la Agrupaci\u00f3n de Cofrad\u00edas de Montilla, las Hermandades y Agrupaciones Parroquiales de nuestra ciudad, el pr\u00f3ximo d\u00eda 8 de diciembre se \u00a0expondr\u00e1n en Solemne y Devoto Besamanos Extraordinario y Solidario a todas las V\u00edrgenes de las distintas Cofrad\u00edas.<\/p>\n<p style=\"text-align: justify;\">Por ello, se ha editado un cartel anunciador y un tr\u00edptico donde se muestra la ubicaci\u00f3n de cada una de las sagradas im\u00e1genes. Adem\u00e1s, en cada Besamanos se ruega a los hermanos y devotos que aporten un donativo en alimentos o productos de higiene personal durante la visita,\u00a0con el fin de ayudar a las familias m\u00e1s necesitadas de nuestra ciudad.<\/p>\n<p style=\"text-align: justify;\">Recordar especialmente a nuestros hermanos que con tal motivo y debido a la obras en nuestra Sede Can\u00f3nica, nuestra titular -Mar\u00eda Sant\u00edsima del Socorro- ser\u00e1 trasladada\u00a0<strong>el s\u00e1bado d\u00eda 7 a partir de las 20:30 horas<\/strong>, a la Bas\u00edlica Pontificia Menor de San Juan de \u00c1vila desde la Parroquia de Santiago.<\/p>\n<p style=\"text-align: justify;\">Te invitamos a participar activamente en este traslado y a que acompa\u00f1es a nuestra titular durante el recorrido.<\/p>\n<p style=\"text-align: justify;\">Puedes descargarte el tr\u00edptico pulsando <a title=\"Tr\u00edptico Besamanos Solidario\" href=\"http:\/\/www.veracruzdemontilla.com\/videos\/triptico_inmaculada_festividad.pdf\" target=\"_blank\">aqu\u00ed<\/a>.<\/p>\n","protected":false},"excerpt":{"rendered":"<p>Como ya es sabido por todos, por iniciativa de la Agrupaci\u00f3n de Cofrad\u00edas de Montilla, las Hermandades y Agrupaciones Parroquiales de nuestra ciudad, el pr\u00f3ximo d\u00eda 8 de diciembre se \u00a0expondr\u00e1n en Solemne y Devoto Besamanos Extraordinario y Solidario a todas las V\u00edrgenes de las distintas Cofrad\u00edas. Por ello, se ha editado un cartel anunciador [&#038;hellip<\/p>\n","protected":false},"author":1,"featured_media":540,"comment_status":"closed","ping_status":"open","sticky":false,"template":"","format":"standard","meta":{"advanced_seo_description":"","spay_email":"","jetpack_publicize_message":"","jetpack_is_tweetstorm":false},"categories":[5],"tags":[4],"jetpack_featured_media_url":"https:\/\/i2.wp.com\/veracruzdemontilla.com\/wp-content\/uploads\/2013\/12\/inmaculada.jpg?fit=640%2C400","jetpack_publicize_connections":[],"wpmagazine_modules_lite_featured_media_urls":{"thumbnail":["https:\/\/i2.wp.com\/veracruzdemontilla.com\/wp-content\/uploads\/2013\/12\/inmaculada.jpg?resize=150%2C150",150,150,true],"cvmm-medium":["https:\/\/i2.wp.com\/veracruzdemontilla.com\/wp-content\/uploads\/2013\/12\/inmaculada.jpg?resize=300%2C300",300,300,true],"cvmm-medium-plus":["https:\/\/i2.wp.com\/veracruzdemontilla.com\/wp-content\/uploads\/2013\/12\/inmaculada.jpg?resize=305%2C207",305,207,true],"cvmm-portrait":["https:\/\/i2.wp.com\/veracruzdemontilla.com\/wp-content\/uploads\/2013\/12\/inmaculada.jpg?resize=400%2C400",400,400,true],"cvmm-medium-square":["https:\/\/i2.wp.com\/veracruzdemontilla.com\/wp-content\/uploads\/2013\/12\/inmaculada.jpg?resize=600%2C400",600,400,true],"cvmm-large":["https:\/\/i2.wp.com\/veracruzdemontilla.com\/wp-content\/uploads\/2013\/12\/inmaculada.jpg?resize=640%2C400",640,400,true],"cvmm-small":["https:\/\/i2.wp.com\/veracruzdemontilla.com\/wp-content\/uploads\/2013\/12\/inmaculada.jpg?resize=130%2C95",130,95,true],"full":["https:\/\/i2.wp.com\/veracruzdemontilla.com\/wp-content\/uploads\/2013\/12\/inmaculada.jpg?fit=640%2C400",640,400,false]},"categories_names":{"5":{"name":"Actualidad","link":"http:\/\/veracruzdemontilla.com\/?cat=5"}},"tags_names":{"4":{"name":"Favoritos","link":"http:\/\/veracruzdemontilla.com\/?tag=favoritos"}},"comments_number":"0","jetpack_sharing_enabled":true,"jetpack_shortlink":"https:\/\/wp.me\/p9INPk-8F","jetpack_likes_enabled":true,"jetpack-related-posts":[{"id":533,"url":"http:\/\/veracruzdemontilla.com\/?p=533","url_meta":{"origin":537,"position":0},"title":"Besamanos solidario el pr\u00f3ximo 8 de diciembre","date":"5 diciembre, 2013","format":false,"excerpt":"La Agrupaci\u00f3n de Cofrad\u00edas ha organizado, por segundo a\u00f1o consecutivo, un besamanos general solidario con el fin de ayudar a las familias m\u00e1s necesitadas y rendir culto a la Virgen en su festividad. El besamanos tendr\u00e1 lugar el pr\u00f3ximo domingo, 8 de diciembre. Durante la jornada festiva, permanecer\u00e1n expuestas las\u2026","rel":"","context":"En \u00abActualidad\u00bb","img":{"alt_text":"","src":"https:\/\/i0.wp.com\/veracruzdemontilla.com\/wp-content\/uploads\/2013\/12\/04-besamanos-solidario.jpg?fit=640%2C400&resize=350%2C200","width":350,"height":200},"classes":[]},{"id":566,"url":"http:\/\/veracruzdemontilla.com\/?p=566","url_meta":{"origin":537,"position":1},"title":"Obra social y de caridad de la Cofrad\u00eda","date":"12 diciembre, 2013","format":"video","excerpt":"La Cofrad\u00eda Penitencial de la Vera Cruz, coincidiendo con el Besamanos Solidario organizado por la Agrupaci\u00f3n de Cofrad\u00edas, ha querido adem\u00e1s contribuir de forma especial haciendo entrega a nuestra C\u00e1ritas Parroquial (por ser la encargada de atender a nuestra feligres\u00eda), de un lote de productos consistente en aceite de oliva,\u2026","rel":"","context":"En \u00abActualidad\u00bb","img":{"alt_text":"","src":"https:\/\/i2.wp.com\/veracruzdemontilla.com\/wp-content\/uploads\/2013\/12\/IMG-20131211-WA0008.jpg?fit=640%2C400&resize=350%2C200","width":350,"height":200},"classes":[]},{"id":1231,"url":"http:\/\/veracruzdemontilla.com\/?p=1231","url_meta":{"origin":537,"position":2},"title":"Todo preparado para el besamanos solidario","date":"7 diciembre, 2015","format":false,"excerpt":"La Agrupaci\u00f3n de Cofrad\u00edas organiza, por tercer\u00a0a\u00f1o consecutivo, un besamanos general solidario con el fin de ayudar a las familias m\u00e1s necesitadas y rendir culto a la Virgen en su festividad. El besamanos tendr\u00e1 lugar ma\u00f1ana martes, 8 de diciembre , en horario de 11:00 a 14:00 \u00a0y de \u00a018:00\u2026","rel":"","context":"En \u00abActualidad\u00bb","img":{"alt_text":"","src":"https:\/\/i1.wp.com\/veracruzdemontilla.com\/wp-content\/uploads\/2015\/12\/socorro_besamanos.jpg?fit=640%2C400&resize=350%2C200","width":350,"height":200},"classes":[]},{"id":873,"url":"http:\/\/veracruzdemontilla.com\/?p=873","url_meta":{"origin":537,"position":3},"title":"Un a\u00f1o m\u00e1s en la procesi\u00f3n del Corpus Christi","date":"23 junio, 2014","format":false,"excerpt":"Un a\u00f1os m\u00e1s nuestra Cofrad\u00eda\u00a0particip\u00f3 en la tarde de ayer, domingo 22 de junio,\u00a0en la procesi\u00f3n del Corpus Christi organizada por\u00a0\u00a0las Parroquias montillanas y la Agrupaci\u00f3n de Cofrad\u00edas. Nuestra Hermandad acompa\u00f1\u00f3 a Jes\u00fas Sacramentado por las calles del centro ocupando como es tradicional su lugar asignado, al igual que el\u2026","rel":"","context":"En \u00abActualidad\u00bb","img":{"alt_text":"","src":"https:\/\/i1.wp.com\/veracruzdemontilla.com\/wp-content\/uploads\/2014\/06\/corpus.jpg?fit=640%2C400&resize=350%2C200","width":350,"height":200},"classes":[]},{"id":554,"url":"http:\/\/veracruzdemontilla.com\/?p=554","url_meta":{"origin":537,"position":4},"title":"Dos celebraciones de singular relevancia","date":"10 diciembre, 2013","format":false,"excerpt":"El pasado fin de semana nuestra Cofrad\u00eda vivi\u00f3 dos celebraciones de singular relevancia. Con motivo del Besamanos Solidario que un a\u00f1o m\u00e1s organiz\u00f3 la Agrupaci\u00f3n de Cofrad\u00edas, nuestra Titular Mar\u00eda Sant\u00edsima del Socorro, sali\u00f3 a las calles de nuestro pueblo desde la Parroquia de Santiago Ap\u00f3stol hasta la Bas\u00edlica Pontificia\u2026","rel":"","context":"En \u00abActualidad\u00bb","img":{"alt_text":"","src":"https:\/\/i1.wp.com\/veracruzdemontilla.com\/wp-content\/uploads\/2013\/12\/traslado01.jpg?fit=640%2C400&resize=350%2C200","width":350,"height":200},"classes":[]},{"id":1109,"url":"http:\/\/veracruzdemontilla.com\/?p=1109","url_meta":{"origin":537,"position":5},"title":"Montilla se vuelca con el Corpus Christi","date":"8 junio, 2015","format":false,"excerpt":"Dentro de los actos religiosos de nuestro municipio, las iglesias y parroquias montillanas han celebrado\u00a0este domingo 7 de junio, la festividad del Corpus Christi con la procesi\u00f3n extraordinaria\u00a0\u00a0del Sant\u00edsimo Sacramento y en la que,\u00a0como viene siendo habitual,\u00a0\u00a0participaron numerosos ni\u00f1os y ni\u00f1as de Primera Comuni\u00f3n, as\u00ed como representantes de hermandades, autoridades\u2026","rel":"","context":"En \u00abActualidad\u00bb","img":{"alt_text":"","src":"https:\/\/i2.wp.com\/veracruzdemontilla.com\/wp-content\/uploads\/2015\/06\/corpus2015.jpg?fit=640%2C400&resize=350%2C200","width":350,"height":200},"classes":[]}],"_links":{"self":[{"href":"http:\/\/veracruzdemontilla.com\/index.php?rest_route=\/wp\/v2\/posts\/537"}],"collection":[{"href":"http:\/\/veracruzdemontilla.com\/index.php?rest_route=\/wp\/v2\/posts"}],"about":[{"href":"http:\/\/veracruzdemontilla.com\/index.php?rest_route=\/wp\/v2\/types\/post"}],"author":[{"embeddable":true,"href":"http:\/\/veracruzdemontilla.com\/index.php?rest_route=\/wp\/v2\/users\/1"}],"replies":[{"embeddable":true,"href":"http:\/\/veracruzdemontilla.com\/index.php?rest_route=%2Fwp%2Fv2%2Fcomments&post=537"}],"version-history":[{"count":1,"href":"http:\/\/veracruzdemontilla.com\/index.php?rest_route=\/wp\/v2\/posts\/537\/revisions"}],"predecessor-version":[{"id":539,"href":"http:\/\/veracruzdemontilla.com\/index.php?rest_route=\/wp\/v2\/posts\/537\/revisions\/539"}],"wp:featuredmedia":[{"embeddable":true,"href":"http:\/\/veracruzdemontilla.com\/index.php?rest_route=\/wp\/v2\/media\/540"}],"wp:attachment":[{"href":"http:\/\/veracruzdemontilla.com\/index.php?rest_route=%2Fwp%2Fv2%2Fmedia&parent=537"}],"wp:term":[{"taxonomy":"category","embeddable":true,"href":"http:\/\/veracruzdemontilla.com\/index.php?rest_route=%2Fwp%2Fv2%2Fcategories&post=537"},{"taxonomy":"post_tag","embeddable":true,"href":"http:\/\/veracruzdemontilla.com\/index.php?rest_route=%2Fwp%2Fv2%2Ftags&post=537"}],"curies":[{"name":"wp","href":"https:\/\/api.w.org\/{rel}","templated":true}]}}