{"id":533,"date":"2013-12-05T10:00:28","date_gmt":"2013-12-05T08:00:28","guid":{"rendered":"http:\/\/veracruzdemontilla.com\/?p=533"},"modified":"2013-12-05T01:16:00","modified_gmt":"2013-12-04T23:16:00","slug":"besamanos-solidario-el-proximo-8-de-diciembre","status":"publish","type":"post","link":"http:\/\/veracruzdemontilla.com\/?p=533","title":{"rendered":"Besamanos solidario el pr\u00f3ximo 8 de diciembre"},"content":{"rendered":"<p style=\"text-align: justify;\">La Agrupaci\u00f3n de Cofrad\u00edas ha organizado, por segundo a\u00f1o consecutivo, un besamanos general solidario con el fin de ayudar a las familias m\u00e1s necesitadas y rendir culto a la Virgen en su festividad. El besamanos tendr\u00e1 lugar el pr\u00f3ximo domingo, 8 de diciembre.<\/p>\n<p style=\"text-align: justify;\">Durante la jornada festiva, permanecer\u00e1n expuestas las V\u00edrgenes de las distintas Cofrad\u00edas, si bien este a\u00f1o, se incorporan las im\u00e1genes de Mar\u00eda Auxiliadora y la Virgen de la Aurora.<\/p>\n<p style=\"text-align: justify;\">Con tal motivo y debido a la obras en nuestra Sede Can\u00f3nica, nuestra titular -Mar\u00eda Sant\u00edsima del Socorro- ser\u00e1 trasladada <strong>el s\u00e1bado d\u00eda 7 a partir de las 20:30 horas<\/strong>, a la Bas\u00edlica Pontificia Menor de San Juan de \u00c1vila desde la Parroquia de Santiago.<\/p>\n<p style=\"text-align: justify;\">Desde la Junta de Gobierno, te invitamos a participar activamente en este traslado y a que acompa\u00f1es a nuestra titular durante el recorrido\u00a0para que sigamos as\u00ed, dando testimonio p\u00fablico de nuestra fe.<\/p>\n<p style=\"text-align: justify;\">\n","protected":false},"excerpt":{"rendered":"<p>La Agrupaci\u00f3n de Cofrad\u00edas ha organizado, por segundo a\u00f1o consecutivo, un besamanos general solidario con el fin de ayudar a las familias m\u00e1s necesitadas y rendir culto a la Virgen en su festividad. El besamanos tendr\u00e1 lugar el pr\u00f3ximo domingo, 8 de diciembre. Durante la jornada festiva, permanecer\u00e1n expuestas las V\u00edrgenes de las distintas Cofrad\u00edas, [&#038;hellip<\/p>\n","protected":false},"author":1,"featured_media":534,"comment_status":"closed","ping_status":"open","sticky":false,"template":"","format":"standard","meta":{"advanced_seo_description":"","spay_email":"","jetpack_publicize_message":"","jetpack_is_tweetstorm":false},"categories":[5],"tags":[4],"jetpack_featured_media_url":"https:\/\/i0.wp.com\/veracruzdemontilla.com\/wp-content\/uploads\/2013\/12\/04-besamanos-solidario.jpg?fit=640%2C400","jetpack_publicize_connections":[],"wpmagazine_modules_lite_featured_media_urls":{"thumbnail":["https:\/\/i0.wp.com\/veracruzdemontilla.com\/wp-content\/uploads\/2013\/12\/04-besamanos-solidario.jpg?resize=150%2C150",150,150,true],"cvmm-medium":["https:\/\/i0.wp.com\/veracruzdemontilla.com\/wp-content\/uploads\/2013\/12\/04-besamanos-solidario.jpg?resize=300%2C300",300,300,true],"cvmm-medium-plus":["https:\/\/i0.wp.com\/veracruzdemontilla.com\/wp-content\/uploads\/2013\/12\/04-besamanos-solidario.jpg?resize=305%2C207",305,207,true],"cvmm-portrait":["https:\/\/i0.wp.com\/veracruzdemontilla.com\/wp-content\/uploads\/2013\/12\/04-besamanos-solidario.jpg?resize=400%2C400",400,400,true],"cvmm-medium-square":["https:\/\/i0.wp.com\/veracruzdemontilla.com\/wp-content\/uploads\/2013\/12\/04-besamanos-solidario.jpg?resize=600%2C400",600,400,true],"cvmm-large":["https:\/\/i0.wp.com\/veracruzdemontilla.com\/wp-content\/uploads\/2013\/12\/04-besamanos-solidario.jpg?resize=640%2C400",640,400,true],"cvmm-small":["https:\/\/i0.wp.com\/veracruzdemontilla.com\/wp-content\/uploads\/2013\/12\/04-besamanos-solidario.jpg?resize=130%2C95",130,95,true],"full":["https:\/\/i0.wp.com\/veracruzdemontilla.com\/wp-content\/uploads\/2013\/12\/04-besamanos-solidario.jpg?fit=640%2C400",640,400,false]},"categories_names":{"5":{"name":"Actualidad","link":"http:\/\/veracruzdemontilla.com\/?cat=5"}},"tags_names":{"4":{"name":"Favoritos","link":"http:\/\/veracruzdemontilla.com\/?tag=favoritos"}},"comments_number":"0","jetpack_sharing_enabled":true,"jetpack_shortlink":"https:\/\/wp.me\/p9INPk-8B","jetpack_likes_enabled":true,"jetpack-related-posts":[{"id":537,"url":"http:\/\/veracruzdemontilla.com\/?p=537","url_meta":{"origin":533,"position":0},"title":"Festividad de la Inmaculada Concepci\u00f3n","date":"6 diciembre, 2013","format":false,"excerpt":"Como ya es sabido por todos, por iniciativa de la Agrupaci\u00f3n de Cofrad\u00edas de Montilla, las Hermandades y Agrupaciones Parroquiales de nuestra ciudad, el pr\u00f3ximo d\u00eda 8 de diciembre se \u00a0expondr\u00e1n en Solemne y Devoto Besamanos Extraordinario y Solidario a todas las V\u00edrgenes de las distintas Cofrad\u00edas. Por ello, se\u2026","rel":"","context":"En \u00abActualidad\u00bb","img":{"alt_text":"","src":"https:\/\/i2.wp.com\/veracruzdemontilla.com\/wp-content\/uploads\/2013\/12\/inmaculada.jpg?fit=640%2C400&resize=350%2C200","width":350,"height":200},"classes":[]},{"id":1231,"url":"http:\/\/veracruzdemontilla.com\/?p=1231","url_meta":{"origin":533,"position":1},"title":"Todo preparado para el besamanos solidario","date":"7 diciembre, 2015","format":false,"excerpt":"La Agrupaci\u00f3n de Cofrad\u00edas organiza, por tercer\u00a0a\u00f1o consecutivo, un besamanos general solidario con el fin de ayudar a las familias m\u00e1s necesitadas y rendir culto a la Virgen en su festividad. El besamanos tendr\u00e1 lugar ma\u00f1ana martes, 8 de diciembre , en horario de 11:00 a 14:00 \u00a0y de \u00a018:00\u2026","rel":"","context":"En \u00abActualidad\u00bb","img":{"alt_text":"","src":"https:\/\/i1.wp.com\/veracruzdemontilla.com\/wp-content\/uploads\/2015\/12\/socorro_besamanos.jpg?fit=640%2C400&resize=350%2C200","width":350,"height":200},"classes":[]},{"id":23,"url":"http:\/\/veracruzdemontilla.com\/?p=23","url_meta":{"origin":533,"position":2},"title":"Besamanos Solidario &#8211; 8 diciembre","date":"5 diciembre, 2012","format":false,"excerpt":"La Agrupaci\u00f3n de Cofrad\u00edas de Montilla con motivo de la festividad de la Inmaculada Concepci\u00f3n de Mar\u00eda ha promovido la realizaci\u00f3n de un Besamanos General Solidario, el pr\u00f3ximo s\u00e1bado 8 de diciembre.En esta fiesta mariana permanecer\u00e1n expuestas en devoto besamanos todas las im\u00e1genes marianas cotitulares de las cofrad\u00edas y hermandades\u2026","rel":"","context":"En \u00abSin categor\u00eda\u00bb","img":{"alt_text":"","src":"","width":0,"height":0},"classes":[]},{"id":566,"url":"http:\/\/veracruzdemontilla.com\/?p=566","url_meta":{"origin":533,"position":3},"title":"Obra social y de caridad de la Cofrad\u00eda","date":"12 diciembre, 2013","format":"video","excerpt":"La Cofrad\u00eda Penitencial de la Vera Cruz, coincidiendo con el Besamanos Solidario organizado por la Agrupaci\u00f3n de Cofrad\u00edas, ha querido adem\u00e1s contribuir de forma especial haciendo entrega a nuestra C\u00e1ritas Parroquial (por ser la encargada de atender a nuestra feligres\u00eda), de un lote de productos consistente en aceite de oliva,\u2026","rel":"","context":"En \u00abActualidad\u00bb","img":{"alt_text":"","src":"https:\/\/i2.wp.com\/veracruzdemontilla.com\/wp-content\/uploads\/2013\/12\/IMG-20131211-WA0008.jpg?fit=640%2C400&resize=350%2C200","width":350,"height":200},"classes":[]},{"id":554,"url":"http:\/\/veracruzdemontilla.com\/?p=554","url_meta":{"origin":533,"position":4},"title":"Dos celebraciones de singular relevancia","date":"10 diciembre, 2013","format":false,"excerpt":"El pasado fin de semana nuestra Cofrad\u00eda vivi\u00f3 dos celebraciones de singular relevancia. Con motivo del Besamanos Solidario que un a\u00f1o m\u00e1s organiz\u00f3 la Agrupaci\u00f3n de Cofrad\u00edas, nuestra Titular Mar\u00eda Sant\u00edsima del Socorro, sali\u00f3 a las calles de nuestro pueblo desde la Parroquia de Santiago Ap\u00f3stol hasta la Bas\u00edlica Pontificia\u2026","rel":"","context":"En \u00abActualidad\u00bb","img":{"alt_text":"","src":"https:\/\/i1.wp.com\/veracruzdemontilla.com\/wp-content\/uploads\/2013\/12\/traslado01.jpg?fit=640%2C400&resize=350%2C200","width":350,"height":200},"classes":[]},{"id":1385,"url":"http:\/\/veracruzdemontilla.com\/?p=1385","url_meta":{"origin":533,"position":5},"title":"Devoto besamanos de la solidaridad","date":"14 noviembre, 2017","format":false,"excerpt":"Con motivo de la festividad de la Inmaculada Concepci\u00f3n, Patrona de Espa\u00f1a, el pr\u00f3ximo 8 de diciembre tendr\u00e1 lugar el Devoto Besamanos de la Solidaridad, organizado por la Agrupaci\u00f3n de Cofrad\u00edas de Montilla, durante el cual Nuestra Se\u00f1ora del Socorro, titular mariana de la Cofrad\u00eda de la Vera Cruz, estar\u00e1\u2026","rel":"","context":"En \u00abActualidad\u00bb","img":{"alt_text":"Besamanos solidaro 2017","src":"https:\/\/i1.wp.com\/veracruzdemontilla.com\/wp-content\/uploads\/2017\/11\/besamanos_solidario2017-e1510668771651.jpg?fit=440%2C640&resize=350%2C200","width":350,"height":200},"classes":[]}],"_links":{"self":[{"href":"http:\/\/veracruzdemontilla.com\/index.php?rest_route=\/wp\/v2\/posts\/533"}],"collection":[{"href":"http:\/\/veracruzdemontilla.com\/index.php?rest_route=\/wp\/v2\/posts"}],"about":[{"href":"http:\/\/veracruzdemontilla.com\/index.php?rest_route=\/wp\/v2\/types\/post"}],"author":[{"embeddable":true,"href":"http:\/\/veracruzdemontilla.com\/index.php?rest_route=\/wp\/v2\/users\/1"}],"replies":[{"embeddable":true,"href":"http:\/\/veracruzdemontilla.com\/index.php?rest_route=%2Fwp%2Fv2%2Fcomments&post=533"}],"version-history":[{"count":2,"href":"http:\/\/veracruzdemontilla.com\/index.php?rest_route=\/wp\/v2\/posts\/533\/revisions"}],"predecessor-version":[{"id":536,"href":"http:\/\/veracruzdemontilla.com\/index.php?rest_route=\/wp\/v2\/posts\/533\/revisions\/536"}],"wp:featuredmedia":[{"embeddable":true,"href":"http:\/\/veracruzdemontilla.com\/index.php?rest_route=\/wp\/v2\/media\/534"}],"wp:attachment":[{"href":"http:\/\/veracruzdemontilla.com\/index.php?rest_route=%2Fwp%2Fv2%2Fmedia&parent=533"}],"wp:term":[{"taxonomy":"category","embeddable":true,"href":"http:\/\/veracruzdemontilla.com\/index.php?rest_route=%2Fwp%2Fv2%2Fcategories&post=533"},{"taxonomy":"post_tag","embeddable":true,"href":"http:\/\/veracruzdemontilla.com\/index.php?rest_route=%2Fwp%2Fv2%2Ftags&post=533"}],"curies":[{"name":"wp","href":"https:\/\/api.w.org\/{rel}","templated":true}]}}