{"id":524,"date":"2013-12-01T18:59:42","date_gmt":"2013-12-01T16:59:42","guid":{"rendered":"http:\/\/veracruzdemontilla.com\/?p=524"},"modified":"2013-12-01T19:04:22","modified_gmt":"2013-12-01T17:04:22","slug":"524","status":"publish","type":"post","link":"http:\/\/veracruzdemontilla.com\/?p=524","title":{"rendered":"Realizando la Ruta Avilista"},"content":{"rendered":"<p style=\"text-align: justify;\">Una de las actividades que ha tenido mayor acogida durante los \u00faltimos meses ha sido la\u00a0<strong>Ruta Avilista<\/strong>: una de las iniciativas del Centro Diocesano San Juan de \u00c1vila que busca dar a conocer la vida y obra de nuevo Doctor de la Iglesia Universal. \u00a0Como todos sab\u00e9is, nuestra Cofrad\u00eda ten\u00eda cita hoy 1 de diciembre, para recorrer los lugares de Montilla relacionados con la vida del nuevo Doctor desde una forma catequ\u00e9tica.<\/p>\n<p style=\"text-align: justify;\">La visita ha comenzado en el CAP (Centro de Atenci\u00f3n al Peregrino), continuando a las puertas del Palacio de los Marqueses de Priego, y pasando por el patio y la bella Iglesia del Convento de Santa Clara. En este momento hemos visitado la Casa de San Juan de \u00c1vila, uno de los momentos m\u00e1s se\u00f1alados de la visita.<\/p>\n<p><a href=\"https:\/\/i0.wp.com\/veracruzdemontilla.com\/wp-content\/uploads\/2013\/12\/ruta02.jpg\"><img data-attachment-id=\"526\" data-permalink=\"http:\/\/veracruzdemontilla.com\/?attachment_id=526\" data-orig-file=\"https:\/\/i0.wp.com\/veracruzdemontilla.com\/wp-content\/uploads\/2013\/12\/ruta02.jpg?fit=640%2C400\" data-orig-size=\"640,400\" data-comments-opened=\"0\" data-image-meta=\"{&quot;aperture&quot;:&quot;0&quot;,&quot;credit&quot;:&quot;&quot;,&quot;camera&quot;:&quot;&quot;,&quot;caption&quot;:&quot;&quot;,&quot;created_timestamp&quot;:&quot;0&quot;,&quot;copyright&quot;:&quot;&quot;,&quot;focal_length&quot;:&quot;0&quot;,&quot;iso&quot;:&quot;0&quot;,&quot;shutter_speed&quot;:&quot;0&quot;,&quot;title&quot;:&quot;&quot;}\" data-image-title=\"ruta02\" data-image-description=\"\" data-image-caption=\"\" data-medium-file=\"https:\/\/i0.wp.com\/veracruzdemontilla.com\/wp-content\/uploads\/2013\/12\/ruta02.jpg?fit=300%2C187\" data-large-file=\"https:\/\/i0.wp.com\/veracruzdemontilla.com\/wp-content\/uploads\/2013\/12\/ruta02.jpg?fit=640%2C400\" loading=\"lazy\" class=\"aligncenter size-full wp-image-526\" alt=\"ruta02\" src=\"https:\/\/i0.wp.com\/veracruzdemontilla.com\/wp-content\/uploads\/2013\/12\/ruta02.jpg?resize=600%2C400\" width=\"600\" height=\"400\" srcset=\"https:\/\/i0.wp.com\/veracruzdemontilla.com\/wp-content\/uploads\/2013\/12\/ruta02.jpg?zoom=2&amp;resize=600%2C400 1200w, https:\/\/i0.wp.com\/veracruzdemontilla.com\/wp-content\/uploads\/2013\/12\/ruta02.jpg?zoom=3&amp;resize=600%2C400 1800w\" sizes=\"(max-width: 600px) 100vw, 600px\" data-recalc-dims=\"1\" \/><\/a><\/p>\n<p style=\"text-align: justify;\">Montilla tiene la suerte de conservar esta casa, con m\u00e1s de cinco siglos, donde vivi\u00f3 y muri\u00f3 el Ap\u00f3stol de Andaluc\u00eda. En esta casa San Juan de \u00c1vila escribi\u00f3 los memoriales a Trento, revis\u00f3 la vida de Santa Teresa, hac\u00eda largas horas de oraci\u00f3n en la capilla que a\u00fan se conserva.<\/p>\n<p style=\"text-align: center;\"><a href=\"https:\/\/i2.wp.com\/veracruzdemontilla.com\/wp-content\/uploads\/2013\/12\/ruta03.jpg\"><img data-attachment-id=\"527\" data-permalink=\"http:\/\/veracruzdemontilla.com\/?attachment_id=527\" data-orig-file=\"https:\/\/i2.wp.com\/veracruzdemontilla.com\/wp-content\/uploads\/2013\/12\/ruta03.jpg?fit=640%2C400\" data-orig-size=\"640,400\" data-comments-opened=\"0\" data-image-meta=\"{&quot;aperture&quot;:&quot;0&quot;,&quot;credit&quot;:&quot;&quot;,&quot;camera&quot;:&quot;&quot;,&quot;caption&quot;:&quot;&quot;,&quot;created_timestamp&quot;:&quot;0&quot;,&quot;copyright&quot;:&quot;&quot;,&quot;focal_length&quot;:&quot;0&quot;,&quot;iso&quot;:&quot;0&quot;,&quot;shutter_speed&quot;:&quot;0&quot;,&quot;title&quot;:&quot;&quot;}\" data-image-title=\"ruta03\" data-image-description=\"\" data-image-caption=\"\" data-medium-file=\"https:\/\/i2.wp.com\/veracruzdemontilla.com\/wp-content\/uploads\/2013\/12\/ruta03.jpg?fit=300%2C187\" data-large-file=\"https:\/\/i2.wp.com\/veracruzdemontilla.com\/wp-content\/uploads\/2013\/12\/ruta03.jpg?fit=640%2C400\" loading=\"lazy\" class=\"aligncenter size-full wp-image-527\" alt=\"ruta03\" src=\"https:\/\/i2.wp.com\/veracruzdemontilla.com\/wp-content\/uploads\/2013\/12\/ruta03.jpg?resize=600%2C400\" width=\"600\" height=\"400\" srcset=\"https:\/\/i2.wp.com\/veracruzdemontilla.com\/wp-content\/uploads\/2013\/12\/ruta03.jpg?zoom=2&amp;resize=600%2C400 1200w, https:\/\/i2.wp.com\/veracruzdemontilla.com\/wp-content\/uploads\/2013\/12\/ruta03.jpg?zoom=3&amp;resize=600%2C400 1800w\" sizes=\"(max-width: 600px) 100vw, 600px\" data-recalc-dims=\"1\" \/><\/a><\/p>\n<p style=\"text-align: justify;\">La cumbre de esta Ruta Avilista ha sido la Bas\u00edlica de San Juan de \u00c1vila donde se conserva su sepulcro y donde se puede alcanzar la Gracia de la Indulgencia Plenaria.<\/p>\n","protected":false},"excerpt":{"rendered":"<p>Una de las actividades que ha tenido mayor acogida durante los \u00faltimos meses ha sido la\u00a0Ruta Avilista: una de las iniciativas del Centro Diocesano San Juan de \u00c1vila que busca dar a conocer la vida y obra de nuevo Doctor de la Iglesia Universal. \u00a0Como todos sab\u00e9is, nuestra Cofrad\u00eda ten\u00eda cita hoy 1 de diciembre, [&#038;hellip<\/p>\n","protected":false},"author":1,"featured_media":525,"comment_status":"closed","ping_status":"open","sticky":false,"template":"","format":"standard","meta":{"advanced_seo_description":"","spay_email":"","jetpack_publicize_message":"","jetpack_is_tweetstorm":false},"categories":[5],"tags":[4],"jetpack_featured_media_url":"https:\/\/i0.wp.com\/veracruzdemontilla.com\/wp-content\/uploads\/2013\/12\/ruta01.jpg?fit=640%2C400","jetpack_publicize_connections":[],"wpmagazine_modules_lite_featured_media_urls":{"thumbnail":["https:\/\/i0.wp.com\/veracruzdemontilla.com\/wp-content\/uploads\/2013\/12\/ruta01.jpg?resize=150%2C150",150,150,true],"cvmm-medium":["https:\/\/i0.wp.com\/veracruzdemontilla.com\/wp-content\/uploads\/2013\/12\/ruta01.jpg?resize=300%2C300",300,300,true],"cvmm-medium-plus":["https:\/\/i0.wp.com\/veracruzdemontilla.com\/wp-content\/uploads\/2013\/12\/ruta01.jpg?resize=305%2C207",305,207,true],"cvmm-portrait":["https:\/\/i0.wp.com\/veracruzdemontilla.com\/wp-content\/uploads\/2013\/12\/ruta01.jpg?resize=400%2C400",400,400,true],"cvmm-medium-square":["https:\/\/i0.wp.com\/veracruzdemontilla.com\/wp-content\/uploads\/2013\/12\/ruta01.jpg?resize=600%2C400",600,400,true],"cvmm-large":["https:\/\/i0.wp.com\/veracruzdemontilla.com\/wp-content\/uploads\/2013\/12\/ruta01.jpg?resize=640%2C400",640,400,true],"cvmm-small":["https:\/\/i0.wp.com\/veracruzdemontilla.com\/wp-content\/uploads\/2013\/12\/ruta01.jpg?resize=130%2C95",130,95,true],"full":["https:\/\/i0.wp.com\/veracruzdemontilla.com\/wp-content\/uploads\/2013\/12\/ruta01.jpg?fit=640%2C400",640,400,false]},"categories_names":{"5":{"name":"Actualidad","link":"http:\/\/veracruzdemontilla.com\/?cat=5"}},"tags_names":{"4":{"name":"Favoritos","link":"http:\/\/veracruzdemontilla.com\/?tag=favoritos"}},"comments_number":"0","jetpack_sharing_enabled":true,"jetpack_shortlink":"https:\/\/wp.me\/s9INPk-524","jetpack_likes_enabled":true,"jetpack-related-posts":[{"id":497,"url":"http:\/\/veracruzdemontilla.com\/?p=497","url_meta":{"origin":524,"position":0},"title":"Nuestra Cofrad\u00eda realizar\u00e1 la Ruta Avilista","date":"15 noviembre, 2013","format":false,"excerpt":"Con motivo del Trienio Jubilar que la Santa Sede ha concedido a Montilla tras el nombramiento de San Juan de \u00c1vila como Doctor de la Iglesia Universal, nuestra Cofrad\u00eda realizar\u00e1 la Ruta Avilista el pr\u00f3ximo domingo 1 de diciembre para ganar as\u00ed las singulares gracias espirituales del Jubileo. Seguiremos los\u2026","rel":"","context":"En \u00abActualidad\u00bb","img":{"alt_text":"","src":"https:\/\/i2.wp.com\/veracruzdemontilla.com\/wp-content\/uploads\/2013\/11\/rutaavilista.jpg?fit=650%2C400&resize=350%2C200","width":350,"height":200},"classes":[]},{"id":425,"url":"http:\/\/veracruzdemontilla.com\/?p=425","url_meta":{"origin":524,"position":1},"title":"Montilla, centro de peregrinaci\u00f3n","date":"6 octubre, 2013","format":false,"excerpt":"El Obispado de C\u00f3rdoba pretende convertir a Montilla en un centro de peregrinaci\u00f3n, que sea un referente a nivel nacional, mediante la iniciativa del Centro Diocesano San Juan de \u00c1vila de establecer una nueva ruta de peregrinaci\u00f3n a pie en Espa\u00f1a, en este caso 'El camino de San Juan de\u2026","rel":"","context":"En \u00abActualidad\u00bb","img":{"alt_text":"","src":"https:\/\/i0.wp.com\/veracruzdemontilla.com\/wp-content\/uploads\/2013\/10\/Obispado-Montilla-San-Juan-Avila_TINIMA20131002_1007_5.jpg?fit=627%2C352&resize=350%2C200","width":350,"height":200},"classes":[]},{"id":896,"url":"http:\/\/veracruzdemontilla.com\/?p=896","url_meta":{"origin":524,"position":2},"title":"Nuevo curso de formaci\u00f3n permanente sobre San Juan de \u00c1vila","date":"30 julio, 2014","format":false,"excerpt":"Bajo el t\u00edtulo \u201cIncardinados en una di\u00f3cesis, miembros de un presbiterio\u2026 como San Juan de \u00c1vila\u201d,\u00a0sacerdotes y seminaristas podr\u00e1n ampliar sus conocimientos sobre el nuevo doctor de la Iglesia. La Di\u00f3cesis de C\u00f3rdoba comenzar\u00e1 el nuevo curso en septiembre, de la mano de San Juan de \u00c1vila, puesto que los\u2026","rel":"","context":"En \u00abActualidad\u00bb","img":{"alt_text":"","src":"https:\/\/i2.wp.com\/veracruzdemontilla.com\/wp-content\/uploads\/2014\/07\/san-juan-de-avila-7.jpg?fit=640%2C400&resize=350%2C200","width":350,"height":200},"classes":[]},{"id":260,"url":"http:\/\/veracruzdemontilla.com\/?p=260","url_meta":{"origin":524,"position":3},"title":"Visitas nocturnas a la Parroquia de Santiago","date":"19 julio, 2013","format":false,"excerpt":"Ante el inminente comienzo de las obras en la techumbre\u00a0 de la Parroquia de Santiago, el p\u00e1rroco Jos\u00e9 Almedina ha anunciado la puesta en marcha de una serie de actividades con el \u00fanico fin de poder sufragar los gastos econ\u00f3micos derivados de dichas obras. La primera iniciativa est\u00e1 relacionada con\u2026","rel":"","context":"En \u00abParroquia\u00bb","img":{"alt_text":"","src":"https:\/\/i1.wp.com\/veracruzdemontilla.com\/wp-content\/uploads\/2013\/07\/6599412527_dea7583404_z.jpg?fit=640%2C428&resize=350%2C200","width":350,"height":200},"classes":[]},{"id":518,"url":"http:\/\/veracruzdemontilla.com\/?p=518","url_meta":{"origin":524,"position":4},"title":"Hace un a\u00f1o la CEE visit\u00f3 Montilla","date":"30 noviembre, 2013","format":false,"excerpt":"En estos d\u00edas, se cumple un a\u00f1o de la hist\u00f3rica visita de la Conferencia Episcopal a Montilla con motivo del Jubileo Avilista.\u00a0Se trataba de la segunda vez que la plenaria del Episcopado Espa\u00f1ol realizaba una visita oficial, tras la realizada a Santiago de Compostela. Montilla guarda en su\u00a0memoria\u00a0este d\u00eda. La\u2026","rel":"","context":"En \u00abActualidad\u00bb","img":{"alt_text":"","src":"https:\/\/i1.wp.com\/veracruzdemontilla.com\/wp-content\/uploads\/2013\/11\/IMG_2951.jpg?fit=640%2C400&resize=350%2C200","width":350,"height":200},"classes":[]},{"id":483,"url":"http:\/\/veracruzdemontilla.com\/?p=483","url_meta":{"origin":524,"position":5},"title":"M\u00e1s de 4000 personas veneran las reliquias de San Juan de \u00c1vila en Catalu\u00f1a","date":"29 octubre, 2013","format":false,"excerpt":"El 10 de octubre las reliquias\u00a0de san Juan de \u00c1vila, entre ellas su coraz\u00f3n\u00a0incorrupto, han visitado las di\u00f3cesis\u00a0de Barcelona, Terrassa y Vic, gracias a\u00a0la iniciativa de la Asociaci\u00f3n J\u00f3venes\u00a0de San Jos\u00e9. Todo empez\u00f3 con el A\u00f1o\u00a0de la Fe convocado por Benedicto XVI. \u00a0La visita del patrono del clero secular espa\u00f1ol\u2026","rel":"","context":"En \u00abActualidad\u00bb","img":{"alt_text":"","src":"https:\/\/i2.wp.com\/veracruzdemontilla.com\/wp-content\/uploads\/2013\/10\/barcelona03.jpg?fit=600%2C400&resize=350%2C200","width":350,"height":200},"classes":[]}],"_links":{"self":[{"href":"http:\/\/veracruzdemontilla.com\/index.php?rest_route=\/wp\/v2\/posts\/524"}],"collection":[{"href":"http:\/\/veracruzdemontilla.com\/index.php?rest_route=\/wp\/v2\/posts"}],"about":[{"href":"http:\/\/veracruzdemontilla.com\/index.php?rest_route=\/wp\/v2\/types\/post"}],"author":[{"embeddable":true,"href":"http:\/\/veracruzdemontilla.com\/index.php?rest_route=\/wp\/v2\/users\/1"}],"replies":[{"embeddable":true,"href":"http:\/\/veracruzdemontilla.com\/index.php?rest_route=%2Fwp%2Fv2%2Fcomments&post=524"}],"version-history":[{"count":4,"href":"http:\/\/veracruzdemontilla.com\/index.php?rest_route=\/wp\/v2\/posts\/524\/revisions"}],"predecessor-version":[{"id":531,"href":"http:\/\/veracruzdemontilla.com\/index.php?rest_route=\/wp\/v2\/posts\/524\/revisions\/531"}],"wp:featuredmedia":[{"embeddable":true,"href":"http:\/\/veracruzdemontilla.com\/index.php?rest_route=\/wp\/v2\/media\/525"}],"wp:attachment":[{"href":"http:\/\/veracruzdemontilla.com\/index.php?rest_route=%2Fwp%2Fv2%2Fmedia&parent=524"}],"wp:term":[{"taxonomy":"category","embeddable":true,"href":"http:\/\/veracruzdemontilla.com\/index.php?rest_route=%2Fwp%2Fv2%2Fcategories&post=524"},{"taxonomy":"post_tag","embeddable":true,"href":"http:\/\/veracruzdemontilla.com\/index.php?rest_route=%2Fwp%2Fv2%2Ftags&post=524"}],"curies":[{"name":"wp","href":"https:\/\/api.w.org\/{rel}","templated":true}]}}