{"id":521,"date":"2013-11-30T20:33:25","date_gmt":"2013-11-30T18:33:25","guid":{"rendered":"http:\/\/veracruzdemontilla.com\/?p=521"},"modified":"2013-11-30T20:33:25","modified_gmt":"2013-11-30T18:33:25","slug":"ya-se-puede-solicitar-la-montillana","status":"publish","type":"post","link":"http:\/\/veracruzdemontilla.com\/?p=521","title":{"rendered":"Ya se puede solicitar la \u201cmontillana\u201d"},"content":{"rendered":"<p style=\"text-align: justify;\">Miles de fieles han peregrinado hasta el sepulcro de San Juan de \u00c1vila. El Centro Diocesano ofrece la posibilidad de solicitar el documento que lo acredita, \u201cla montillana\u201d.<\/p>\n<p style=\"text-align: justify;\">\u201cLa montillana\u201d es el diploma que acredita haber peregrinado a la Bas\u00edlica Pontificia de San Juan de \u00c1vila en el per\u00edodo del Trienio Jubilar concedido con motivo del Doctorado. Este documento ya fue presentado hace unos meses, y ahora ya se puede expedir en el Centro Diocesano que lleva su nombre. En la misa de acci\u00f3n de gracias por el primer a\u00f1o de este Jubileo se entreg\u00f3 el primer ejemplar al Obispo.<\/p>\n<p style=\"text-align: justify;\"><strong>\u00bfC\u00d3MO SE PUEDE CONSEGUIR?<\/strong><\/p>\n<p style=\"text-align: justify;\">La \u201cmontillana\u201d se puede solicitar en la librer\u00eda del Centro Diocesano de San Juan de \u00c1vila -Pasaje de Loyola s\/n, en Montilla-, o bien por correo electr\u00f3nico oficina@juandeavila.net. En la web www.rutaavilista.com\/montillana se puede consultar m\u00e1s informaci\u00f3n y tiene un coste de 4 euros.<\/p>\n","protected":false},"excerpt":{"rendered":"<p>Miles de fieles han peregrinado hasta el sepulcro de San Juan de \u00c1vila. El Centro Diocesano ofrece la posibilidad de solicitar el documento que lo acredita, \u201cla montillana\u201d. \u201cLa montillana\u201d es el diploma que acredita haber peregrinado a la Bas\u00edlica Pontificia de San Juan de \u00c1vila en el per\u00edodo del Trienio Jubilar concedido con motivo [&#038;hellip<\/p>\n","protected":false},"author":1,"featured_media":522,"comment_status":"closed","ping_status":"open","sticky":false,"template":"","format":"standard","meta":{"advanced_seo_description":"","spay_email":"","jetpack_publicize_message":"","jetpack_is_tweetstorm":false},"categories":[5],"tags":[],"jetpack_featured_media_url":"https:\/\/i0.wp.com\/veracruzdemontilla.com\/wp-content\/uploads\/2013\/11\/montillana.jpg?fit=640%2C400","jetpack_publicize_connections":[],"wpmagazine_modules_lite_featured_media_urls":{"thumbnail":["https:\/\/i0.wp.com\/veracruzdemontilla.com\/wp-content\/uploads\/2013\/11\/montillana.jpg?resize=150%2C150",150,150,true],"cvmm-medium":["https:\/\/i0.wp.com\/veracruzdemontilla.com\/wp-content\/uploads\/2013\/11\/montillana.jpg?resize=300%2C300",300,300,true],"cvmm-medium-plus":["https:\/\/i0.wp.com\/veracruzdemontilla.com\/wp-content\/uploads\/2013\/11\/montillana.jpg?resize=305%2C207",305,207,true],"cvmm-portrait":["https:\/\/i0.wp.com\/veracruzdemontilla.com\/wp-content\/uploads\/2013\/11\/montillana.jpg?resize=400%2C400",400,400,true],"cvmm-medium-square":["https:\/\/i0.wp.com\/veracruzdemontilla.com\/wp-content\/uploads\/2013\/11\/montillana.jpg?resize=600%2C400",600,400,true],"cvmm-large":["https:\/\/i0.wp.com\/veracruzdemontilla.com\/wp-content\/uploads\/2013\/11\/montillana.jpg?resize=640%2C400",640,400,true],"cvmm-small":["https:\/\/i0.wp.com\/veracruzdemontilla.com\/wp-content\/uploads\/2013\/11\/montillana.jpg?resize=130%2C95",130,95,true],"full":["https:\/\/i0.wp.com\/veracruzdemontilla.com\/wp-content\/uploads\/2013\/11\/montillana.jpg?fit=640%2C400",640,400,false]},"categories_names":{"5":{"name":"Actualidad","link":"http:\/\/veracruzdemontilla.com\/?cat=5"}},"tags_names":[],"comments_number":"0","jetpack_sharing_enabled":true,"jetpack_shortlink":"https:\/\/wp.me\/p9INPk-8p","jetpack_likes_enabled":true,"jetpack-related-posts":[{"id":425,"url":"http:\/\/veracruzdemontilla.com\/?p=425","url_meta":{"origin":521,"position":0},"title":"Montilla, centro de peregrinaci\u00f3n","date":"6 octubre, 2013","format":false,"excerpt":"El Obispado de C\u00f3rdoba pretende convertir a Montilla en un centro de peregrinaci\u00f3n, que sea un referente a nivel nacional, mediante la iniciativa del Centro Diocesano San Juan de \u00c1vila de establecer una nueva ruta de peregrinaci\u00f3n a pie en Espa\u00f1a, en este caso 'El camino de San Juan de\u2026","rel":"","context":"En \u00abActualidad\u00bb","img":{"alt_text":"","src":"https:\/\/i0.wp.com\/veracruzdemontilla.com\/wp-content\/uploads\/2013\/10\/Obispado-Montilla-San-Juan-Avila_TINIMA20131002_1007_5.jpg?fit=627%2C352&resize=350%2C200","width":350,"height":200},"classes":[]},{"id":524,"url":"http:\/\/veracruzdemontilla.com\/?p=524","url_meta":{"origin":521,"position":1},"title":"Realizando la Ruta Avilista","date":"1 diciembre, 2013","format":false,"excerpt":"Una de las actividades que ha tenido mayor acogida durante los \u00faltimos meses ha sido la\u00a0Ruta Avilista: una de las iniciativas del Centro Diocesano San Juan de \u00c1vila que busca dar a conocer la vida y obra de nuevo Doctor de la Iglesia Universal. \u00a0Como todos sab\u00e9is, nuestra Cofrad\u00eda ten\u00eda\u2026","rel":"","context":"En \u00abActualidad\u00bb","img":{"alt_text":"","src":"https:\/\/i0.wp.com\/veracruzdemontilla.com\/wp-content\/uploads\/2013\/12\/ruta01.jpg?fit=640%2C400&resize=350%2C200","width":350,"height":200},"classes":[]},{"id":500,"url":"http:\/\/veracruzdemontilla.com\/?p=500","url_meta":{"origin":521,"position":2},"title":"Se presenta la Gu\u00eda del Peregrino del \u201cCamino de San Juan de \u00c1vila\u201d","date":"19 noviembre, 2013","format":false,"excerpt":"\u201cEl camino de San Juan de \u00c1vila\u201d la gu\u00eda, elaborada por el\u00a0Centro Diocesano de San Juan de \u00c1vila\u00a0recoge la informaci\u00f3n recabada por los tres monta\u00f1eros que emprendieron esta ruta a pie desde\u00a0Almod\u00f3var del Campo,\u00a0lugar de nacimiento del Doctor de la Iglesia,hasta Montilla, donde muri\u00f3 y se conserva su sepulcro, el\u2026","rel":"","context":"En \u00abActualidad\u00bb","img":{"alt_text":"","src":"https:\/\/i1.wp.com\/veracruzdemontilla.com\/wp-content\/uploads\/2013\/11\/guia-avilista.jpg?fit=600%2C400&resize=350%2C200","width":350,"height":200},"classes":[]},{"id":429,"url":"http:\/\/veracruzdemontilla.com\/?p=429","url_meta":{"origin":521,"position":3},"title":"Comienza el curso de formaci\u00f3n sobre San Juan de \u00c1vila para sacerdotes y seminaristas","date":"8 octubre, 2013","format":false,"excerpt":"Con motivo del primer aniversario del Doctorado de San Juan de \u00c1vila, se est\u00e1 celebrando el curso titulado \u201cIdentidad del presb\u00edtero diocesano secular, seg\u00fan san Juan de \u00c1vila\u201d. El pasado 7 de octubre, coincidiendo con el primer aniversario del nuevo Doctor de la Iglesia, comenz\u00f3 el curso de formaci\u00f3n espiritual\u2026","rel":"","context":"En \u00abActualidad\u00bb","img":{"alt_text":"","src":"https:\/\/i2.wp.com\/veracruzdemontilla.com\/wp-content\/uploads\/2013\/10\/curso-formacion-cordoba.jpg?fit=500%2C333&resize=350%2C200","width":350,"height":200},"classes":[]},{"id":621,"url":"http:\/\/veracruzdemontilla.com\/?p=621","url_meta":{"origin":521,"position":4},"title":"Un video recoge el primer a\u00f1o del Jubileo Avilista","date":"31 enero, 2014","format":"video","excerpt":"[media id=16 width=600 height=400] La Delegaci\u00f3n de Medios en colaboraci\u00f3n con el Centro Diocesano San Juan de \u00c1vila ha editado este audiovisual -disponible en diocesisdecordoba.tv- en el que se recogen los momentos principales de lo vivido hasta ahora en el Trienio Jubilar. Desde la apertura del Jubileo, pasando por las\u2026","rel":"","context":"En \u00abActualidad\u00bb","img":{"alt_text":"","src":"https:\/\/i0.wp.com\/veracruzdemontilla.com\/wp-content\/uploads\/2014\/01\/videoavilista.jpg?fit=640%2C400&resize=350%2C200","width":350,"height":200},"classes":[]},{"id":2261,"url":"http:\/\/veracruzdemontilla.com\/?p=2261","url_meta":{"origin":521,"position":5},"title":"Miguel Varona imparte una conferencia sobre la figura del arcipreste Fern\u00e1ndez Casado","date":"1 mayo, 2025","format":false,"excerpt":"El mi\u00e9rcoles 30 de abril, el Rvdo. D. Miguel Varona Villar, que fuera p\u00e1rroco de Santiago y consiliario de nuestra cofrad\u00eda, imparti\u00f3 una conferencia en la Bas\u00edlica Pontificia de San Juan de \u00c1vila sobre \"el Se\u00f1or Vicario\", como era popularmente conocido D. Luis Fern\u00e1ndez Casado. D. Miguel Varona, director del\u2026","rel":"","context":"En \u00abActualidad\u00bb","img":{"alt_text":"","src":"https:\/\/i0.wp.com\/veracruzdemontilla.com\/wp-content\/uploads\/2025\/04\/WhatsApp-Image-2025-04-29-at-12.56.55.jpeg?fit=848%2C1200&resize=350%2C200","width":350,"height":200},"classes":[]}],"_links":{"self":[{"href":"http:\/\/veracruzdemontilla.com\/index.php?rest_route=\/wp\/v2\/posts\/521"}],"collection":[{"href":"http:\/\/veracruzdemontilla.com\/index.php?rest_route=\/wp\/v2\/posts"}],"about":[{"href":"http:\/\/veracruzdemontilla.com\/index.php?rest_route=\/wp\/v2\/types\/post"}],"author":[{"embeddable":true,"href":"http:\/\/veracruzdemontilla.com\/index.php?rest_route=\/wp\/v2\/users\/1"}],"replies":[{"embeddable":true,"href":"http:\/\/veracruzdemontilla.com\/index.php?rest_route=%2Fwp%2Fv2%2Fcomments&post=521"}],"version-history":[{"count":1,"href":"http:\/\/veracruzdemontilla.com\/index.php?rest_route=\/wp\/v2\/posts\/521\/revisions"}],"predecessor-version":[{"id":523,"href":"http:\/\/veracruzdemontilla.com\/index.php?rest_route=\/wp\/v2\/posts\/521\/revisions\/523"}],"wp:featuredmedia":[{"embeddable":true,"href":"http:\/\/veracruzdemontilla.com\/index.php?rest_route=\/wp\/v2\/media\/522"}],"wp:attachment":[{"href":"http:\/\/veracruzdemontilla.com\/index.php?rest_route=%2Fwp%2Fv2%2Fmedia&parent=521"}],"wp:term":[{"taxonomy":"category","embeddable":true,"href":"http:\/\/veracruzdemontilla.com\/index.php?rest_route=%2Fwp%2Fv2%2Fcategories&post=521"},{"taxonomy":"post_tag","embeddable":true,"href":"http:\/\/veracruzdemontilla.com\/index.php?rest_route=%2Fwp%2Fv2%2Ftags&post=521"}],"curies":[{"name":"wp","href":"https:\/\/api.w.org\/{rel}","templated":true}]}}