{"id":518,"date":"2013-11-30T16:15:04","date_gmt":"2013-11-30T14:15:04","guid":{"rendered":"http:\/\/veracruzdemontilla.com\/?p=518"},"modified":"2013-11-30T16:15:04","modified_gmt":"2013-11-30T14:15:04","slug":"hace-un-ano-la-cee-visito-montilla","status":"publish","type":"post","link":"http:\/\/veracruzdemontilla.com\/?p=518","title":{"rendered":"Hace un a\u00f1o la CEE visit\u00f3 Montilla"},"content":{"rendered":"<p style=\"text-align: justify;\">En estos d\u00edas, se cumple un a\u00f1o de la hist\u00f3rica visita de la Conferencia Episcopal a Montilla con motivo del Jubileo Avilista.\u00a0Se trataba de la segunda vez que la plenaria del Episcopado Espa\u00f1ol realizaba una visita oficial, tras la realizada a Santiago de Compostela. Montilla guarda en su\u00a0memoria\u00a0este d\u00eda.<\/p>\n<p style=\"text-align: justify;\">La jornada se iniciaba con el viaje desde Madrid a C\u00f3rdoba en tren. A su llegada, fueron recibidos por el Alcalde de esta ciudad, Jos\u00e9 Antonio Nieto, y por el Subdelegado del Gobierno, Juan Jos\u00e9 Primo Jurado, junto al Obispo de esta Di\u00f3cesis, Demetrio Fern\u00e1ndez.<\/p>\n<p style=\"text-align: justify;\">Seguidamente se inici\u00f3 la procesi\u00f3n desde la ermita de la Rosa hasta la Bas\u00edlica, para celebrar all\u00ed a los pies del sepulcro de San Juan de \u00c1vila, el Solemne Pontifical. Al inicio de la ceremonia, don Demetrio Fern\u00e1ndez como anfitri\u00f3n destac\u00f3 la labor realizada durante siglos por generaciones enteras en pos de esta declaraci\u00f3n de Doctor. Especialmente, en los \u00faltimos tiempos la Conferencia Episcopal se ha presentado como actora de esta causa de doctorado, a ellos quiso \u201cagradecer su labor\u201d, invitando \u00a0a todos a gozar \u201cde este momento de gracia \u00fanico: la Iglesia de Espa\u00f1a entera peregrina a Montilla en la persona de sus pastores para pedir a san Juan de \u00c1vila que nos encienda con su lumbre, para aportar luz y calor a los hombres de nuestro tiempo\u201d.<\/p>\n<p style=\"text-align: justify;\">Por otro lado, en su homil\u00eda, el Cardenal de Madrid destac\u00f3 la figura de san Juan de \u00c1vila como patr\u00f3n del clero espa\u00f1ol y la influencia que su vida y doctrina ha tenido en la acci\u00f3n reformadora de la Iglesia.<\/p>\n","protected":false},"excerpt":{"rendered":"<p>En estos d\u00edas, se cumple un a\u00f1o de la hist\u00f3rica visita de la Conferencia Episcopal a Montilla con motivo del Jubileo Avilista.\u00a0Se trataba de la segunda vez que la plenaria del Episcopado Espa\u00f1ol realizaba una visita oficial, tras la realizada a Santiago de Compostela. Montilla guarda en su\u00a0memoria\u00a0este d\u00eda. La jornada se iniciaba con el [&#038;hellip<\/p>\n","protected":false},"author":1,"featured_media":519,"comment_status":"closed","ping_status":"open","sticky":false,"template":"","format":"standard","meta":{"advanced_seo_description":"","spay_email":"","jetpack_publicize_message":"","jetpack_is_tweetstorm":false},"categories":[5],"tags":[],"jetpack_featured_media_url":"https:\/\/i1.wp.com\/veracruzdemontilla.com\/wp-content\/uploads\/2013\/11\/IMG_2951.jpg?fit=640%2C400","jetpack_publicize_connections":[],"wpmagazine_modules_lite_featured_media_urls":{"thumbnail":["https:\/\/i1.wp.com\/veracruzdemontilla.com\/wp-content\/uploads\/2013\/11\/IMG_2951.jpg?resize=150%2C150",150,150,true],"cvmm-medium":["https:\/\/i1.wp.com\/veracruzdemontilla.com\/wp-content\/uploads\/2013\/11\/IMG_2951.jpg?resize=300%2C300",300,300,true],"cvmm-medium-plus":["https:\/\/i1.wp.com\/veracruzdemontilla.com\/wp-content\/uploads\/2013\/11\/IMG_2951.jpg?resize=305%2C207",305,207,true],"cvmm-portrait":["https:\/\/i1.wp.com\/veracruzdemontilla.com\/wp-content\/uploads\/2013\/11\/IMG_2951.jpg?resize=400%2C400",400,400,true],"cvmm-medium-square":["https:\/\/i1.wp.com\/veracruzdemontilla.com\/wp-content\/uploads\/2013\/11\/IMG_2951.jpg?resize=600%2C400",600,400,true],"cvmm-large":["https:\/\/i1.wp.com\/veracruzdemontilla.com\/wp-content\/uploads\/2013\/11\/IMG_2951.jpg?resize=640%2C400",640,400,true],"cvmm-small":["https:\/\/i1.wp.com\/veracruzdemontilla.com\/wp-content\/uploads\/2013\/11\/IMG_2951.jpg?resize=130%2C95",130,95,true],"full":["https:\/\/i1.wp.com\/veracruzdemontilla.com\/wp-content\/uploads\/2013\/11\/IMG_2951.jpg?fit=640%2C400",640,400,false]},"categories_names":{"5":{"name":"Actualidad","link":"http:\/\/veracruzdemontilla.com\/?cat=5"}},"tags_names":[],"comments_number":"0","jetpack_sharing_enabled":true,"jetpack_shortlink":"https:\/\/wp.me\/p9INPk-8m","jetpack_likes_enabled":true,"jetpack-related-posts":[{"id":359,"url":"http:\/\/veracruzdemontilla.com\/?p=359","url_meta":{"origin":518,"position":0},"title":"San Juan de \u00c1vila, en su A\u00f1o Jubilar, que est\u00e1 acabando, \u00abha desbordado las previsiones\u00bb","date":"23 septiembre, 2013","format":false,"excerpt":"El obispo de C\u00f3rdoba, Demetrio Fern\u00e1ndez, considera que el A\u00f1o Jubilar dedicado a San Juan de \u00c1vila, santo predicador y maestros del siglo XVI, que concluye en octubre, \"ha demostrado\" que el Doctor de la Iglesia \"es un personaje de primer\u00edsima categor\u00eda, en la Iglesia y en la sociedad\". El\u2026","rel":"","context":"En \u00abActualidad\u00bb","img":{"alt_text":"","src":"https:\/\/i0.wp.com\/veracruzdemontilla.com\/wp-content\/uploads\/2013\/09\/demetrio.jpg?fit=827%2C519&resize=350%2C200","width":350,"height":200},"classes":[]},{"id":2522,"url":"http:\/\/veracruzdemontilla.com\/?p=2522","url_meta":{"origin":518,"position":1},"title":"Rafael Salido presenta una exhaustiva obra acerca de las campanas de Montilla","date":"10 diciembre, 2025","format":false,"excerpt":"Nuestro hermano Rafael Salido, sacrist\u00e1n de la Bas\u00edlica Pontificia de San Juan de \u00c1vila y de la Parroquia de Santiago Ap\u00f3stol de Montilla, present\u00f3 en la tarde de ayer en el Teatro Garnelo su libro titulado Las campanas de Montilla: estudio y tradici\u00f3n. Ante el numeroso p\u00fablico que se dio\u2026","rel":"","context":"En \u00abActualidad\u00bb","img":{"alt_text":"","src":"https:\/\/i2.wp.com\/veracruzdemontilla.com\/wp-content\/uploads\/2025\/12\/596804282_10215906694495890_1624612297946183054_n.jpg?fit=1200%2C800&resize=350%2C200","width":350,"height":200},"classes":[]},{"id":1009,"url":"http:\/\/veracruzdemontilla.com\/?p=1009","url_meta":{"origin":518,"position":2},"title":"Nuevo Rector de la Bas\u00edlica de Montilla","date":"7 enero, 2015","format":false,"excerpt":"El obispo de C\u00f3rdoba, Demetrio Fern\u00e1ndez, ha nombrado a Jos\u00e9 F\u00e9lix Garc\u00eda Jurado, actual p\u00e1rroco de la Sagrada Familia de Lucena, rector de la bas\u00edlica pontificia de San Juan de \u00c1vila de Montilla, donde se encuentra el sepulcro del Santo Doctor de la Iglesia. Jos\u00e9 F\u00e9lix Garc\u00eda Jurado, quien tambi\u00e9n\u2026","rel":"","context":"En \u00abActualidad\u00bb","img":{"alt_text":"","src":"https:\/\/i1.wp.com\/veracruzdemontilla.com\/wp-content\/uploads\/2015\/01\/IMG-20150106-WA0024.jpg?fit=640%2C400&resize=350%2C200","width":350,"height":200},"classes":[]},{"id":1192,"url":"http:\/\/veracruzdemontilla.com\/?p=1192","url_meta":{"origin":518,"position":3},"title":"Clausura del Trienio Jubilar en honor de San Juan de \u00c1vila en Montilla","date":"14 octubre, 2015","format":false,"excerpt":"El pasado lunes, 12 de octubre, celebramos la clausura del Trienio Jubilar en honor de San Juan de \u00c1vila\u00a0despu\u00e9s de que el d\u00eda 7 de octubre de 2012 el Papa Benedicto XVI lo declarara Doctor de la Iglesia Universal, presentando al Doctor del Amor divino y del sacerdocio como paradigma\u2026","rel":"","context":"En \u00abActualidad\u00bb","img":{"alt_text":"","src":"https:\/\/i0.wp.com\/veracruzdemontilla.com\/wp-content\/uploads\/2015\/10\/MG_35101b.jpg?fit=640%2C400&resize=350%2C200","width":350,"height":200},"classes":[]},{"id":460,"url":"http:\/\/veracruzdemontilla.com\/?p=460","url_meta":{"origin":518,"position":4},"title":"El Vaticano prorroga hasta 2015 el A\u00f1o jubilar","date":"20 octubre, 2013","format":"video","excerpt":"El pasado 10 de octubre, la\u00a0Santa Sede\u00a0comunic\u00f3 al\u00a0obispo de C\u00f3rdoba, monse\u00f1or\u00a0Demetrio Fern\u00e1ndez, que prolongaba el\u00a0A\u00f1o Jubilar de San Juan de \u00c1vila\u00a0dos a\u00f1os m\u00e1s. \u00abSe trata de un hecho singular y poco habitual\u00bb, seg\u00fan explica en su web la Di\u00f3cesis de C\u00f3rdoba. As\u00ed,\u00a0Montilla\u00a0vivir\u00e1 un\u00a0Trienio Jubilar\u00a0como consecuencia de la declaraci\u00f3n, el pasado\u2026","rel":"","context":"En \u00abActualidad\u00bb","img":{"alt_text":"","src":"https:\/\/i2.wp.com\/veracruzdemontilla.com\/wp-content\/uploads\/2013\/10\/san-juan-avila-644-644x362.jpg?fit=644%2C362&resize=350%2C200","width":350,"height":200},"classes":[]},{"id":2277,"url":"http:\/\/veracruzdemontilla.com\/?p=2277","url_meta":{"origin":518,"position":5},"title":"D. Demetrio se despide con un emotivo mensaje de gratitud y esperanza","date":"8 mayo, 2025","format":false,"excerpt":"En una carta pastoral, el obispo, ya em\u00e9rito, y administrador apost\u00f3lico de la Di\u00f3cesis de C\u00f3rdoba, Mons. Demetrio Fern\u00e1ndez, reflexiona sobre su tiempo como pastor de la iglesia cordobesa dejando un mensaje de agradecimiento y esperanza. El obispo, que hoy se encuentra en Montilla para asistir al encuentro sacerdotal que\u2026","rel":"","context":"En \u00abActualidad\u00bb","img":{"alt_text":"","src":"https:\/\/i1.wp.com\/veracruzdemontilla.com\/wp-content\/uploads\/2025\/05\/MG_4194.jpg?fit=900%2C600&resize=350%2C200","width":350,"height":200},"classes":[]}],"_links":{"self":[{"href":"http:\/\/veracruzdemontilla.com\/index.php?rest_route=\/wp\/v2\/posts\/518"}],"collection":[{"href":"http:\/\/veracruzdemontilla.com\/index.php?rest_route=\/wp\/v2\/posts"}],"about":[{"href":"http:\/\/veracruzdemontilla.com\/index.php?rest_route=\/wp\/v2\/types\/post"}],"author":[{"embeddable":true,"href":"http:\/\/veracruzdemontilla.com\/index.php?rest_route=\/wp\/v2\/users\/1"}],"replies":[{"embeddable":true,"href":"http:\/\/veracruzdemontilla.com\/index.php?rest_route=%2Fwp%2Fv2%2Fcomments&post=518"}],"version-history":[{"count":1,"href":"http:\/\/veracruzdemontilla.com\/index.php?rest_route=\/wp\/v2\/posts\/518\/revisions"}],"predecessor-version":[{"id":520,"href":"http:\/\/veracruzdemontilla.com\/index.php?rest_route=\/wp\/v2\/posts\/518\/revisions\/520"}],"wp:featuredmedia":[{"embeddable":true,"href":"http:\/\/veracruzdemontilla.com\/index.php?rest_route=\/wp\/v2\/media\/519"}],"wp:attachment":[{"href":"http:\/\/veracruzdemontilla.com\/index.php?rest_route=%2Fwp%2Fv2%2Fmedia&parent=518"}],"wp:term":[{"taxonomy":"category","embeddable":true,"href":"http:\/\/veracruzdemontilla.com\/index.php?rest_route=%2Fwp%2Fv2%2Fcategories&post=518"},{"taxonomy":"post_tag","embeddable":true,"href":"http:\/\/veracruzdemontilla.com\/index.php?rest_route=%2Fwp%2Fv2%2Ftags&post=518"}],"curies":[{"name":"wp","href":"https:\/\/api.w.org\/{rel}","templated":true}]}}