{"id":515,"date":"2013-11-30T15:51:59","date_gmt":"2013-11-30T13:51:59","guid":{"rendered":"http:\/\/veracruzdemontilla.com\/?p=515"},"modified":"2013-11-30T15:51:59","modified_gmt":"2013-11-30T13:51:59","slug":"el-principe-de-maniobras-con-la-brigada","status":"publish","type":"post","link":"http:\/\/veracruzdemontilla.com\/?p=515","title":{"rendered":"El Pr\u00edncipe, de maniobras con la Brigada"},"content":{"rendered":"<p style=\"text-align: justify;\">El Pr\u00edncipe Felipe ha intervenido hoy en unas maniobras desarrolladas por la <strong>Brigada de Infanter\u00eda Mecanizada \u00abGuzm\u00e1n el Bueno\u00bb X<\/strong> en el Centro Nacional de Adiestramiento de San Gregorio de Zaragoza, donde ha dirigido un carro de combate y participado en un ejercicio de tiro, entre otras actividades.<\/p>\n<p style=\"text-align: justify;\">Don Felipe se ha incorporado al ejercicio, que se ha llevado a cabo en la zona de El Boyero del citado campo de adiestramiento, sobre las 11.20 horas.<\/p>\n<p style=\"text-align: justify;\">En un primer momento ha visionado desde un alto, en un puesto de observaci\u00f3n, el simulacro desarrollado por efectivos de la citada brigada que ha consistido en el salvamento de una poblaci\u00f3n de combate en zona urbanizada que ha sido atacada por un grupo insurgente.<\/p>\n<p style=\"text-align: justify;\">La misi\u00f3n consist\u00eda en la consolidaci\u00f3n de la posici\u00f3n y en la reducci\u00f3n de la unidad enemiga, que ha abierto fuego con carros de combate, y ha obligado a retroceder a las fuerzas y realizar un contraataque, seg\u00fan ha explicado a los medios de comunicaci\u00f3n el comandante David Tarifa, de la Brigada de Infanter\u00eda Mecanizada \u00abGuzm\u00e1n el Bueno X\u00bb, con base en Cerro Muriano (C\u00f3rdoba).<\/p>\n<p style=\"text-align: justify;\">En el ejercicio se ha simultaneado fuego de artiller\u00eda con fuego de ca\u00f1\u00f3n de combate Leopardo y fuego con veh\u00edculo de combate Pizarro y finalmente el enemigo ha sido destruido.<\/p>\n<p style=\"text-align: justify;\">Posteriormente el Pr\u00edncipe se ha desplazado en un carro de combate Leopardo para participar en un ejercicio de tiro en el que ha realizado disparos a una distancia de entre 1.100 y 1.500 metros, seg\u00fan Tarifa.<\/p>\n<p style=\"text-align: justify;\">Una vez concluido el ejercicio, don Felipe se ha trasladado a otro puesto de observaci\u00f3n al que se hab\u00edan desplazado previamente la presidenta del Gobierno de Arag\u00f3n, Luisa Fernanda Rudi; el delegado del Gobierno en la Comunidad, Gustavo Alcalde y el Justicia de Arag\u00f3n, Fernando Garc\u00eda Vicente, con quienes ha intercambiado unas palabras antes de dar por concluida la jornada.<\/p>\n<p style=\"text-align: justify;\">La Brigada \u00abGuzm\u00e1n el Bueno X\u00bb ha sido la primera unidad espa\u00f1ola que se incorpor\u00f3 al Eurocuerpo y una de las primeras en participar en el exterior, donde ha asistido a misiones de paz en Bosnia Herzegovina, Kosovo y L\u00edbano, de donde regres\u00f3 el pasado mes de mayo.<\/p>\n<p style=\"text-align: justify;\">En la actualidad realiza un programa de adecuaci\u00f3n y capacitaci\u00f3n en San Gregorio que comenz\u00f3 el pasado 14 de noviembre y en el que participan entre 750 y 1.040 efectivos en funci\u00f3n de las fases, ha dicho Tarifa.<\/p>\n<p style=\"text-align: justify;\">Se est\u00e1 terminando la fase de preparaci\u00f3n internacional de la Fuerza de Respuesta de la OTAN, ha explicado, para estar a disposici\u00f3n de la demanda, toda vez que ha apuntado la previsi\u00f3n de que, a finales de 2014, esta brigada tome parte en un nuevo despliegue en L\u00edbano.<\/p>\n","protected":false},"excerpt":{"rendered":"<p>El Pr\u00edncipe Felipe ha intervenido hoy en unas maniobras desarrolladas por la Brigada de Infanter\u00eda Mecanizada \u00abGuzm\u00e1n el Bueno\u00bb X en el Centro Nacional de Adiestramiento de San Gregorio de Zaragoza, donde ha dirigido un carro de combate y participado en un ejercicio de tiro, entre otras actividades. Don Felipe se ha incorporado al ejercicio, [&#038;hellip<\/p>\n","protected":false},"author":1,"featured_media":516,"comment_status":"closed","ping_status":"open","sticky":false,"template":"","format":"standard","meta":{"advanced_seo_description":"","spay_email":"","jetpack_publicize_message":"","jetpack_is_tweetstorm":false},"categories":[5],"tags":[],"jetpack_featured_media_url":"https:\/\/i2.wp.com\/veracruzdemontilla.com\/wp-content\/uploads\/2013\/11\/principe.jpg?fit=640%2C400","jetpack_publicize_connections":[],"wpmagazine_modules_lite_featured_media_urls":{"thumbnail":["https:\/\/i2.wp.com\/veracruzdemontilla.com\/wp-content\/uploads\/2013\/11\/principe.jpg?resize=150%2C150",150,150,true],"cvmm-medium":["https:\/\/i2.wp.com\/veracruzdemontilla.com\/wp-content\/uploads\/2013\/11\/principe.jpg?resize=300%2C300",300,300,true],"cvmm-medium-plus":["https:\/\/i2.wp.com\/veracruzdemontilla.com\/wp-content\/uploads\/2013\/11\/principe.jpg?resize=305%2C207",305,207,true],"cvmm-portrait":["https:\/\/i2.wp.com\/veracruzdemontilla.com\/wp-content\/uploads\/2013\/11\/principe.jpg?resize=400%2C400",400,400,true],"cvmm-medium-square":["https:\/\/i2.wp.com\/veracruzdemontilla.com\/wp-content\/uploads\/2013\/11\/principe.jpg?resize=600%2C400",600,400,true],"cvmm-large":["https:\/\/i2.wp.com\/veracruzdemontilla.com\/wp-content\/uploads\/2013\/11\/principe.jpg?resize=640%2C400",640,400,true],"cvmm-small":["https:\/\/i2.wp.com\/veracruzdemontilla.com\/wp-content\/uploads\/2013\/11\/principe.jpg?resize=130%2C95",130,95,true],"full":["https:\/\/i2.wp.com\/veracruzdemontilla.com\/wp-content\/uploads\/2013\/11\/principe.jpg?fit=640%2C400",640,400,false]},"categories_names":{"5":{"name":"Actualidad","link":"http:\/\/veracruzdemontilla.com\/?cat=5"}},"tags_names":[],"comments_number":"0","jetpack_sharing_enabled":true,"jetpack_shortlink":"https:\/\/wp.me\/p9INPk-8j","jetpack_likes_enabled":true,"jetpack-related-posts":[{"id":1316,"url":"http:\/\/veracruzdemontilla.com\/?p=1316","url_meta":{"origin":515,"position":0},"title":"Las instalaciones de la Brimz X, las mejores del ej\u00e9rcito de tierra","date":"6 abril, 2016","format":false,"excerpt":"La Brigada de Infanter\u00eda Mecanizada \u00abGuzm\u00e1n el Bueno\u00bb X, con base en Cerro Muriano (C\u00f3rdoba), dispone, por un lado, de \u00abla mayor base que tienen las Fuerzas Armadas Espa\u00f1olas\u00bb, contando con su campo de tiro y maniobras, siendo tambi\u00e9n una de las mejores bases \u00abdel Ej\u00e9rcito de Tierra\u00bb, en cuanto\u2026","rel":"","context":"En \u00abActualidad\u00bb","img":{"alt_text":"","src":"https:\/\/i2.wp.com\/veracruzdemontilla.com\/wp-content\/uploads\/2016\/04\/Veracruz-Montilla-2016.jpg?fit=640%2C400&resize=350%2C200","width":350,"height":200},"classes":[]},{"id":545,"url":"http:\/\/veracruzdemontilla.com\/?p=545","url_meta":{"origin":515,"position":1},"title":"Acompa\u00f1amos a nuestros hermanos de la brigada en el d\u00eda de la Inmaculada","date":"10 diciembre, 2013","format":false,"excerpt":"Nuestro Hermano Mayor Miguel Navarro, junto a Florencio Polonio y Antonio Luis Jim\u00e9nez, capataz y vocal de cultos respectivamente de nuestra hermandad, visitaron este domingo la Base Militar de Cerro Muriano que acogi\u00f3 la celebraci\u00f3n del \"d\u00eda grande\" de la Infanter\u00eda espa\u00f1ola, en el que se rinde homenaje a la\u2026","rel":"","context":"En \u00abActualidad\u00bb","img":{"alt_text":"","src":"https:\/\/i0.wp.com\/veracruzdemontilla.com\/wp-content\/uploads\/2013\/12\/brimz_inmaculada_01.jpg?fit=640%2C400&resize=350%2C200","width":350,"height":200},"classes":[]},{"id":298,"url":"http:\/\/veracruzdemontilla.com\/?p=298","url_meta":{"origin":515,"position":2},"title":"La Brigada de Cerro Muriano confirma su presencia en Polonia","date":"1 septiembre, 2013","format":false,"excerpt":"La Brigada de Infanter\u00eda Mecanizada Guzm\u00e1n el Bueno X de Cerro Muriano ya tiene listo el operativo del desplazamiento a Polonia, entre el 27 de octubre y 9 de noviembre pr\u00f3ximos, de un equipo de mando y control que participar\u00e1 en el ejercicio\u00a0Steadfast Jazz 2013\u00a0para probar la Fuerza de Respuesta\u2026","rel":"","context":"En \u00abActualidad\u00bb","img":{"alt_text":"","src":"https:\/\/i1.wp.com\/veracruzdemontilla.com\/wp-content\/uploads\/2013\/09\/ssanta4.jpg?fit=640%2C470&resize=350%2C200","width":350,"height":200},"classes":[]},{"id":590,"url":"http:\/\/veracruzdemontilla.com\/?p=590","url_meta":{"origin":515,"position":3},"title":"La Brigada se prepara para una posible nueva misi\u00f3n en L\u00edbano el pr\u00f3ximo a\u00f1o","date":"28 diciembre, 2013","format":false,"excerpt":"La Brigada de Infanter\u00eda Guzm\u00e1n el Bueno X (Brimz X) volver\u00e1 a centrarse durante el pr\u00f3ximo a\u00f1o en la preparaci\u00f3n de sus soldados ante una posible nueva misi\u00f3n en el exterior. El coronel Ruiz Olmos avanz\u00f3 ayer que los soldados de Cerro Muriano aprovechar\u00e1n \"cada minuto y cada recurso puestos\u2026","rel":"","context":"En \u00abActualidad\u00bb","img":{"alt_text":"","src":"https:\/\/i1.wp.com\/veracruzdemontilla.com\/wp-content\/uploads\/2013\/12\/brimz-x.jpg?fit=640%2C400&resize=350%2C200","width":350,"height":200},"classes":[]},{"id":1261,"url":"http:\/\/veracruzdemontilla.com\/?p=1261","url_meta":{"origin":515,"position":4},"title":"La Brigada Guzm\u00e1n el Bueno vuelve a L\u00edbano a final de a\u00f1o","date":"26 enero, 2016","format":false,"excerpt":"La quinta parte de los efectivos de la Brigada Guzm\u00e1n el Bueno X, con base en Cerro Muriano, liderar\u00e1 el contingente que Espa\u00f1a enviar\u00e1 a finales de a\u00f1o al Sur del L\u00edbano para relevar a las fuerzas en misi\u00f3n de paz de la ONU, una noticia que ayer confirm\u00f3 el\u2026","rel":"","context":"En \u00abActualidad\u00bb","img":{"alt_text":"","src":"https:\/\/i1.wp.com\/veracruzdemontilla.com\/wp-content\/uploads\/2016\/01\/IMG-20150227-WA0050.jpg?fit=640%2C400&resize=350%2C200","width":350,"height":200},"classes":[]},{"id":1301,"url":"http:\/\/veracruzdemontilla.com\/?p=1301","url_meta":{"origin":515,"position":5},"title":"Un a\u00f1o m\u00e1s, la Brigada de Infanter\u00eda Mecanizada \u201cGuzm\u00e1n El Bueno\u201d X acompa\u00f1ar\u00e1 al Santo Cristo de Zacatecas","date":"22 marzo, 2016","format":false,"excerpt":"Un a\u00f1o m\u00e1s, la Banda de Cornetas y Tambores de la Brigada de Infanter\u00eda Mecanizada \u201cGuzm\u00e1n El Bueno\u201d X acompa\u00f1ar\u00e1 al Santo Cristo de Zacatecas y a su bendita Madre del Socorro en su\u00a0estaci\u00f3n de penitencia en esta tarde de\u00a0Martes Santo. La Brigada de Infanter\u00eda Mecanizada (Brimz) 'Guzm\u00e1n el Bueno'\u2026","rel":"","context":"En \u00abActualidad\u00bb","img":{"alt_text":"","src":"https:\/\/i0.wp.com\/veracruzdemontilla.com\/wp-content\/uploads\/2016\/03\/banda.jpg?fit=640%2C400&resize=350%2C200","width":350,"height":200},"classes":[]}],"_links":{"self":[{"href":"http:\/\/veracruzdemontilla.com\/index.php?rest_route=\/wp\/v2\/posts\/515"}],"collection":[{"href":"http:\/\/veracruzdemontilla.com\/index.php?rest_route=\/wp\/v2\/posts"}],"about":[{"href":"http:\/\/veracruzdemontilla.com\/index.php?rest_route=\/wp\/v2\/types\/post"}],"author":[{"embeddable":true,"href":"http:\/\/veracruzdemontilla.com\/index.php?rest_route=\/wp\/v2\/users\/1"}],"replies":[{"embeddable":true,"href":"http:\/\/veracruzdemontilla.com\/index.php?rest_route=%2Fwp%2Fv2%2Fcomments&post=515"}],"version-history":[{"count":1,"href":"http:\/\/veracruzdemontilla.com\/index.php?rest_route=\/wp\/v2\/posts\/515\/revisions"}],"predecessor-version":[{"id":517,"href":"http:\/\/veracruzdemontilla.com\/index.php?rest_route=\/wp\/v2\/posts\/515\/revisions\/517"}],"wp:featuredmedia":[{"embeddable":true,"href":"http:\/\/veracruzdemontilla.com\/index.php?rest_route=\/wp\/v2\/media\/516"}],"wp:attachment":[{"href":"http:\/\/veracruzdemontilla.com\/index.php?rest_route=%2Fwp%2Fv2%2Fmedia&parent=515"}],"wp:term":[{"taxonomy":"category","embeddable":true,"href":"http:\/\/veracruzdemontilla.com\/index.php?rest_route=%2Fwp%2Fv2%2Fcategories&post=515"},{"taxonomy":"post_tag","embeddable":true,"href":"http:\/\/veracruzdemontilla.com\/index.php?rest_route=%2Fwp%2Fv2%2Ftags&post=515"}],"curies":[{"name":"wp","href":"https:\/\/api.w.org\/{rel}","templated":true}]}}