{"id":511,"date":"2013-11-26T13:02:47","date_gmt":"2013-11-26T11:02:47","guid":{"rendered":"http:\/\/veracruzdemontilla.com\/?p=511"},"modified":"2013-11-26T13:02:47","modified_gmt":"2013-11-26T11:02:47","slug":"carta-informativa-de-nuestro-hermano-mayor","status":"publish","type":"post","link":"http:\/\/veracruzdemontilla.com\/?p=511","title":{"rendered":"Carta Informativa de nuestro Hermano Mayor"},"content":{"rendered":"<p style=\"text-align: right;\">Montilla, 21 de noviembre de 2013<\/p>\n<p style=\"text-align: justify;\">\n<p style=\"text-align: justify;\">Estimado\/a hermano\/a de la Cofrad\u00eda de la Santa Vera Cruz:<\/p>\n<p style=\"text-align: justify;\">Me dirijo a ti por primera vez desde que se celebraran el pasado 5 de julio del presente a\u00f1o las elecciones a Hermano Mayor, para agradecer en nombre de la nueva Junta de Gobierno y en el m\u00edo propio tu participaci\u00f3n y la confianza que has depositado en el proyecto que presentamos para estos pr\u00f3ximos cuatro a\u00f1os.<\/p>\n<p style=\"text-align: justify;\">Nuestras ganas e ilusiones renovadas nos han alentado desde los primeros d\u00edas de esta nueva etapa a trabajar en la organizaci\u00f3n de actividades que nos permitan continuar creciendo como hermandad en todos los aspectos. Por eso, sirvan estas l\u00edneas para comunicarte todas aquellas actividades que la Cofrad\u00eda est\u00e1 llevando y llevar\u00e1 a cabo durante los pr\u00f3ximos meses.<\/p>\n<p style=\"text-align: justify;\">Como viene siendo habitual y pr\u00f3ximo a las fechas navide\u00f1as, la Cofrad\u00eda pone a disposici\u00f3n de sus hermanos, devotos y amigos, participaciones y d\u00e9cimos de loter\u00eda de Navidad, que podr\u00e1s conseguir en los distintos comercios de nuestra localidad o a trav\u00e9s de cualquier miembro de la Junta de Gobierno, siendo este a\u00f1o el 47.500, el n\u00famero reservado por la Hermandad.<\/p>\n<p style=\"text-align: justify;\">Ya en el mes de diciembre, la Cofrad\u00eda llevar\u00e1 a cabo dos actividades singulares. El domingo d\u00eda uno de dicho mes, realizaremos la Ruta Avilista, con motivo del Trienio Jubilar otorgado a Montilla por la Santa Sede tras el nombramiento de San Juan de \u00c1vila como Doctor de la Iglesia Universal. Visitaremos los lugares Avilistas, celebraremos la Misa del Peregrino y finalizaremos la jornada compartiendo un almuerzo. Asimismo, el d\u00eda 8 de diciembre, festividad de la Inmaculada Concepci\u00f3n, se llevar\u00e1 a cabo el Besamanos Solidario que organiza un a\u00f1o m\u00e1s la Agrupaci\u00f3n de Cofrad\u00edas. Con tal motivo y debido a la obras en nuestra Sede Can\u00f3nica, nuestra titular -Mar\u00eda Sant\u00edsima del Socorro- ser\u00e1 trasladada el s\u00e1bado d\u00eda 7 a partir de las 20:30 horas, a la Bas\u00edlica Pontificia Menor de San Juan de \u00c1vila desde la Parroquia de Santiago.<\/p>\n<p style=\"text-align: justify;\">Si est\u00e1s interesado en participar activamente deber\u00e1s retirar sin coste alguno tu papeleta de sitio con el fin de organizar dicho traslado. Tanto para esto como para la inscripci\u00f3n en la Ruta Avilista, estamos a tu disposici\u00f3n en el siguiente n\u00famero de tel\u00e9fono 957652441, y en el Centro Veterinario Doggos, sito en la calle Fuente \u00c1lamo n\u00famero 31.<\/p>\n<p style=\"text-align: justify;\">Esperando contar con tu participaci\u00f3n en todas estas actividades y en otras futuras, para que sigamos as\u00ed dando testimonio p\u00fablico de nuestra fe, recibe un cordial saludo y un abrazo en Xto.<\/p>\n<p style=\"text-align: right;\">Miguel Navarro M\u00e1rquez<\/p>\n<p style=\"text-align: right;\">HERMANO MAYOR<\/p>\n","protected":false},"excerpt":{"rendered":"<p>Montilla, 21 de noviembre de 2013 Estimado\/a hermano\/a de la Cofrad\u00eda de la Santa Vera Cruz: Me dirijo a ti por primera vez desde que se celebraran el pasado 5 de julio del presente a\u00f1o las elecciones a Hermano Mayor, para agradecer en nombre de la nueva Junta de Gobierno y en el m\u00edo propio [&#038;hellip<\/p>\n","protected":false},"author":1,"featured_media":512,"comment_status":"closed","ping_status":"open","sticky":false,"template":"","format":"standard","meta":{"advanced_seo_description":"","spay_email":"","jetpack_publicize_message":"","jetpack_is_tweetstorm":false},"categories":[5],"tags":[4],"jetpack_featured_media_url":"https:\/\/i0.wp.com\/veracruzdemontilla.com\/wp-content\/uploads\/2013\/11\/cartahm.jpg?fit=640%2C400","jetpack_publicize_connections":[],"wpmagazine_modules_lite_featured_media_urls":{"thumbnail":["https:\/\/i0.wp.com\/veracruzdemontilla.com\/wp-content\/uploads\/2013\/11\/cartahm.jpg?resize=150%2C150",150,150,true],"cvmm-medium":["https:\/\/i0.wp.com\/veracruzdemontilla.com\/wp-content\/uploads\/2013\/11\/cartahm.jpg?resize=300%2C300",300,300,true],"cvmm-medium-plus":["https:\/\/i0.wp.com\/veracruzdemontilla.com\/wp-content\/uploads\/2013\/11\/cartahm.jpg?resize=305%2C207",305,207,true],"cvmm-portrait":["https:\/\/i0.wp.com\/veracruzdemontilla.com\/wp-content\/uploads\/2013\/11\/cartahm.jpg?resize=400%2C400",400,400,true],"cvmm-medium-square":["https:\/\/i0.wp.com\/veracruzdemontilla.com\/wp-content\/uploads\/2013\/11\/cartahm.jpg?resize=600%2C400",600,400,true],"cvmm-large":["https:\/\/i0.wp.com\/veracruzdemontilla.com\/wp-content\/uploads\/2013\/11\/cartahm.jpg?resize=640%2C400",640,400,true],"cvmm-small":["https:\/\/i0.wp.com\/veracruzdemontilla.com\/wp-content\/uploads\/2013\/11\/cartahm.jpg?resize=130%2C95",130,95,true],"full":["https:\/\/i0.wp.com\/veracruzdemontilla.com\/wp-content\/uploads\/2013\/11\/cartahm.jpg?fit=640%2C400",640,400,false]},"categories_names":{"5":{"name":"Actualidad","link":"http:\/\/veracruzdemontilla.com\/?cat=5"}},"tags_names":{"4":{"name":"Favoritos","link":"http:\/\/veracruzdemontilla.com\/?tag=favoritos"}},"comments_number":"0","jetpack_sharing_enabled":true,"jetpack_shortlink":"https:\/\/wp.me\/p9INPk-8f","jetpack_likes_enabled":true,"jetpack-related-posts":[{"id":1103,"url":"http:\/\/veracruzdemontilla.com\/?p=1103","url_meta":{"origin":511,"position":0},"title":"Celebrado el Cabildo General Ordinario de este a\u00f1o 2015","date":"18 mayo, 2015","format":false,"excerpt":"En la tarde-noche del pasado viernes 15\u00a0de mayo, tras la convocatoria previa a todos los hermanos, tuvo lugar el Cabildo General Ordinario de nuestra Cofrad\u00eda en la Casa Parroquial (c\/ Iglesia). Tras las preces iniciales de nuestro Consiliario, D. Jos\u00e9 Luis Moreno, fue le\u00edda el acta del Cabildo anterior siendo\u2026","rel":"","context":"En \u00abActualidad\u00bb","img":{"alt_text":"","src":"https:\/\/i0.wp.com\/veracruzdemontilla.com\/wp-content\/uploads\/2015\/05\/cabildo2015.jpg?fit=640%2C400&resize=350%2C200","width":350,"height":200},"classes":[]},{"id":1266,"url":"http:\/\/veracruzdemontilla.com\/?p=1266","url_meta":{"origin":511,"position":1},"title":"Carta de nuestro Hermano Mayor","date":"29 enero, 2016","format":false,"excerpt":"Estimado\/a hermano\/a, Como cada a\u00f1o, pr\u00f3ximo al inicio de la Cuaresma, me dirijo a ti para informarte de todas las actividades que nuestra Cofrad\u00eda llevar\u00e1 a cabo durante este tiempo lit\u00fargico que estamos a punto de comenzar. Sin lugar a dudas, estas actividades, de las que queremos hacerte part\u00edcipe, nos\u2026","rel":"","context":"En \u00abActualidad\u00bb","img":{"alt_text":"","src":"https:\/\/i1.wp.com\/veracruzdemontilla.com\/wp-content\/uploads\/2016\/01\/cuaresma2016.jpg?fit=640%2C400&resize=350%2C200","width":350,"height":200},"classes":[]},{"id":1674,"url":"http:\/\/veracruzdemontilla.com\/?p=1674","url_meta":{"origin":511,"position":2},"title":"Florencio Polonio, nuevo hermano mayor de la Santa Vera Cruz","date":"4 octubre, 2021","format":false,"excerpt":"El pasado viernes 1 de octubre, tras el Cabildo Ordinario, tuvo lugar la celebraci\u00f3n del Cabildo General de Elecciones, toda vez que el mandato del actual hermano mayor hab\u00eda llegado a su fin. La jornada electoral, que concluy\u00f3 sin incidencia alguna, sirvi\u00f3 para que D. Miguel Navarro M\u00e1rquez, hermano mayor\u2026","rel":"","context":"En \u00abActualidad\u00bb","img":{"alt_text":"","src":"https:\/\/i1.wp.com\/veracruzdemontilla.com\/wp-content\/uploads\/2021\/10\/Elecciones-2021.jpeg?fit=847%2C600&resize=350%2C200","width":350,"height":200},"classes":[]},{"id":2348,"url":"http:\/\/veracruzdemontilla.com\/?p=2348","url_meta":{"origin":511,"position":3},"title":"La candidatura presentada por Juan Antonio Prieto ser\u00e1 la \u00fanica que concurra a las elecciones del pr\u00f3ximo junio","date":"26 mayo, 2025","format":false,"excerpt":"En el d\u00eda de ayer, 25 de mayo de 2025, la Junta electoral de la Cofrad\u00eda Penitencial de la Santa Vera Cruz ha aceptado la candidatura a hermano mayor encabezada por el hermano Juan Antonio Prieto Velasco, quien ha ejercido como vocal de publicaciones, vice-hermano mayor, vocal de comunicaci\u00f3n y\u2026","rel":"","context":"En \u00abActualidad\u00bb","img":{"alt_text":"","src":"https:\/\/i1.wp.com\/veracruzdemontilla.com\/wp-content\/uploads\/2025\/05\/res-cand.jpg?fit=1051%2C1200&resize=350%2C200","width":350,"height":200},"classes":[]},{"id":1182,"url":"http:\/\/veracruzdemontilla.com\/?p=1182","url_meta":{"origin":511,"position":4},"title":"Un a\u00f1o m\u00e1s, ponemos en marcha nuestra rifa del mes de noviembre","date":"5 octubre, 2015","format":false,"excerpt":"Estimado\/a hermano\/a: Como viene siendo habitual en estas fechas, nos ponemos en contacto contigo para hacerte part\u00edcipe de las actividades que la Cofrad\u00eda Penitencial de la Santa Vera Cruz tiene previsto desarrollar a lo largo de los pr\u00f3ximos meses. Este nuevo curso que comenzamos nos traer\u00e1 acontecimientos importantes que celebraremos\u2026","rel":"","context":"En \u00abActualidad\u00bb","img":{"alt_text":"","src":"https:\/\/i0.wp.com\/veracruzdemontilla.com\/wp-content\/uploads\/2015\/10\/rifa2015.jpg?fit=640%2C400&resize=350%2C200","width":350,"height":200},"classes":[]},{"id":304,"url":"http:\/\/veracruzdemontilla.com\/?p=304","url_meta":{"origin":511,"position":5},"title":"Pr\u00f3xima Reuni\u00f3n de Costaleros","date":"6 septiembre, 2013","format":false,"excerpt":"El jueves d\u00eda 12 de septiembre, la Cofrad\u00eda de la Santa Vera Cruz, va a realizar una primera toma de contacto entre costaleros y la nueva Junta de Gobierno, con el objetivo de ir preparando las pr\u00f3ximas actividades de nuestra Cofrad\u00eda. Motivo por lo que recuerdan la gran importancia de\u2026","rel":"","context":"En \u00abActualidad\u00bb","img":{"alt_text":"","src":"https:\/\/i0.wp.com\/veracruzdemontilla.com\/wp-content\/uploads\/2013\/09\/reunion.jpg?fit=640%2C400&resize=350%2C200","width":350,"height":200},"classes":[]}],"_links":{"self":[{"href":"http:\/\/veracruzdemontilla.com\/index.php?rest_route=\/wp\/v2\/posts\/511"}],"collection":[{"href":"http:\/\/veracruzdemontilla.com\/index.php?rest_route=\/wp\/v2\/posts"}],"about":[{"href":"http:\/\/veracruzdemontilla.com\/index.php?rest_route=\/wp\/v2\/types\/post"}],"author":[{"embeddable":true,"href":"http:\/\/veracruzdemontilla.com\/index.php?rest_route=\/wp\/v2\/users\/1"}],"replies":[{"embeddable":true,"href":"http:\/\/veracruzdemontilla.com\/index.php?rest_route=%2Fwp%2Fv2%2Fcomments&post=511"}],"version-history":[{"count":2,"href":"http:\/\/veracruzdemontilla.com\/index.php?rest_route=\/wp\/v2\/posts\/511\/revisions"}],"predecessor-version":[{"id":514,"href":"http:\/\/veracruzdemontilla.com\/index.php?rest_route=\/wp\/v2\/posts\/511\/revisions\/514"}],"wp:featuredmedia":[{"embeddable":true,"href":"http:\/\/veracruzdemontilla.com\/index.php?rest_route=\/wp\/v2\/media\/512"}],"wp:attachment":[{"href":"http:\/\/veracruzdemontilla.com\/index.php?rest_route=%2Fwp%2Fv2%2Fmedia&parent=511"}],"wp:term":[{"taxonomy":"category","embeddable":true,"href":"http:\/\/veracruzdemontilla.com\/index.php?rest_route=%2Fwp%2Fv2%2Fcategories&post=511"},{"taxonomy":"post_tag","embeddable":true,"href":"http:\/\/veracruzdemontilla.com\/index.php?rest_route=%2Fwp%2Fv2%2Ftags&post=511"}],"curies":[{"name":"wp","href":"https:\/\/api.w.org\/{rel}","templated":true}]}}