{"id":507,"date":"2013-11-24T20:20:50","date_gmt":"2013-11-24T18:20:50","guid":{"rendered":"http:\/\/veracruzdemontilla.com\/?p=507"},"modified":"2013-11-24T20:22:15","modified_gmt":"2013-11-24T18:22:15","slug":"clausuramos-el-ano-de-la-fe-con-la-fiesta-de-cristo-rey-del-universo","status":"publish","type":"post","link":"http:\/\/veracruzdemontilla.com\/?p=507","title":{"rendered":"Clausuramos El A\u00f1o de la fe, con la fiesta de Cristo Rey del Universo"},"content":{"rendered":"<p style=\"text-align: justify;\"><em>\u00abNo imagin\u00e1bamos que el A\u00f1o de la Fe diera tanto de s\u00ed. Cuando Dios nos anuncia una gracia nueva, hemos de abrirnos a la misma con toda esperanza, dispuestos a lo imprevisible.\u00a0Y lo imprevisible sucede. El A\u00f1o de la fe que clausuramos con la fiesta de Cristo Rey del Universo nos ha tra\u00eddo gracias abundantes que hemos podido constatar, adem\u00e1s de otras muchas que no podemos verificar en este momento.\u00bb &#8211;\u00a0Demetrio Fern\u00e1ndez, obispo de C\u00f3rdoba.<\/em><\/p>\n<p style=\"text-align: justify;\">Se abr\u00eda el A\u00f1o de la Fe en pleno S\u00ednodo de los Obispos (11 de octubre), que se hab\u00eda inaugurado con la proclamaci\u00f3n de San Juan de \u00c1vila como doctor de la Iglesia universal (7 de octubre). Todo el A\u00f1o de la Fe ha coincidido con el primer a\u00f1o jubilar de San Juan de \u00c1vila (que contin\u00faa hasta un trienio, otros dos a\u00f1os m\u00e1s). Una efem\u00e9ride y la otra unidas, han dado la ocasi\u00f3n a todos los fieles, de peregrinar a Montilla, hasta el sepulcro del clericus cordubensis Juan de \u00c1vila para obtener las gracias del jubileo, el perd\u00f3n de Dios y la comuni\u00f3n con Dios y con los hermanos. Parroquias, familias, grupos de j\u00f3venes, sacerdotes, seminarios enteros, obispos y cardenales, la Conferencia Episcopal Espa\u00f1ola en pleno. Miles y miles de personas han venido hasta el sepulcro del nuevo Doctor para invocar su intercesi\u00f3n, dar gracias a Dios por su doctorado y conocer m\u00e1s a fondo su doctrina y su estilo de vida. Realmente, Montilla se ha convertido en un foco de fe por ser el lugar de la vida, de la muerte y del sepulcro de San Juan de \u00c1vila.<\/p>\n<p style=\"text-align: justify;\">Esto nos ha brindado la ocasi\u00f3n de celebrar un Congreso Internacional acerca del Ap\u00f3stol de Andaluc\u00eda a finales de abril, reuniendo a grandes especialistas en el tema y convocando a un numeroso grupo de participantes. As\u00ed como ofrecer en el mes de octubre, al cumplirse el aniversario de su doctorado, un curso sobre la \u201cIdentidad del presb\u00edtero diocesano secular\u201d a la luz de sus ense\u00f1anzas. La figura de este nuevo Doctor ha brillado con la luz de Cristo, alumbrando a todos los de la Casa.<\/p>\n<p style=\"text-align: justify;\">Continuemos en la tarea de dar a conocer esta figura se\u00f1era de la Iglesia por todos los lugares a donde peregrinan las reliquias de su coraz\u00f3n y acogiendo a todos los peregrinos que llegan hasta Montilla.<\/p>\n","protected":false},"excerpt":{"rendered":"<p>\u00abNo imagin\u00e1bamos que el A\u00f1o de la Fe diera tanto de s\u00ed. Cuando Dios nos anuncia una gracia nueva, hemos de abrirnos a la misma con toda esperanza, dispuestos a lo imprevisible.\u00a0Y lo imprevisible sucede. El A\u00f1o de la fe que clausuramos con la fiesta de Cristo Rey del Universo nos ha tra\u00eddo gracias abundantes [&#038;hellip<\/p>\n","protected":false},"author":1,"featured_media":510,"comment_status":"closed","ping_status":"open","sticky":false,"template":"","format":"standard","meta":{"advanced_seo_description":"","spay_email":"","jetpack_publicize_message":"","jetpack_is_tweetstorm":false},"categories":[5],"tags":[4],"jetpack_featured_media_url":"https:\/\/i1.wp.com\/veracruzdemontilla.com\/wp-content\/uploads\/2013\/11\/cristorey1.jpg?fit=640%2C427","jetpack_publicize_connections":[],"wpmagazine_modules_lite_featured_media_urls":{"thumbnail":["https:\/\/i1.wp.com\/veracruzdemontilla.com\/wp-content\/uploads\/2013\/11\/cristorey1.jpg?resize=150%2C150",150,150,true],"cvmm-medium":["https:\/\/i1.wp.com\/veracruzdemontilla.com\/wp-content\/uploads\/2013\/11\/cristorey1.jpg?resize=300%2C300",300,300,true],"cvmm-medium-plus":["https:\/\/i1.wp.com\/veracruzdemontilla.com\/wp-content\/uploads\/2013\/11\/cristorey1.jpg?resize=305%2C207",305,207,true],"cvmm-portrait":["https:\/\/i1.wp.com\/veracruzdemontilla.com\/wp-content\/uploads\/2013\/11\/cristorey1.jpg?resize=400%2C427",400,427,true],"cvmm-medium-square":["https:\/\/i1.wp.com\/veracruzdemontilla.com\/wp-content\/uploads\/2013\/11\/cristorey1.jpg?resize=600%2C427",600,427,true],"cvmm-large":["https:\/\/i1.wp.com\/veracruzdemontilla.com\/wp-content\/uploads\/2013\/11\/cristorey1.jpg?resize=640%2C427",640,427,true],"cvmm-small":["https:\/\/i1.wp.com\/veracruzdemontilla.com\/wp-content\/uploads\/2013\/11\/cristorey1.jpg?resize=130%2C95",130,95,true],"full":["https:\/\/i1.wp.com\/veracruzdemontilla.com\/wp-content\/uploads\/2013\/11\/cristorey1.jpg?fit=640%2C427",640,427,false]},"categories_names":{"5":{"name":"Actualidad","link":"http:\/\/veracruzdemontilla.com\/?cat=5"}},"tags_names":{"4":{"name":"Favoritos","link":"http:\/\/veracruzdemontilla.com\/?tag=favoritos"}},"comments_number":"0","jetpack_sharing_enabled":true,"jetpack_shortlink":"https:\/\/wp.me\/p9INPk-8b","jetpack_likes_enabled":true,"jetpack-related-posts":[{"id":483,"url":"http:\/\/veracruzdemontilla.com\/?p=483","url_meta":{"origin":507,"position":0},"title":"M\u00e1s de 4000 personas veneran las reliquias de San Juan de \u00c1vila en Catalu\u00f1a","date":"29 octubre, 2013","format":false,"excerpt":"El 10 de octubre las reliquias\u00a0de san Juan de \u00c1vila, entre ellas su coraz\u00f3n\u00a0incorrupto, han visitado las di\u00f3cesis\u00a0de Barcelona, Terrassa y Vic, gracias a\u00a0la iniciativa de la Asociaci\u00f3n J\u00f3venes\u00a0de San Jos\u00e9. Todo empez\u00f3 con el A\u00f1o\u00a0de la Fe convocado por Benedicto XVI. \u00a0La visita del patrono del clero secular espa\u00f1ol\u2026","rel":"","context":"En \u00abActualidad\u00bb","img":{"alt_text":"","src":"https:\/\/i2.wp.com\/veracruzdemontilla.com\/wp-content\/uploads\/2013\/10\/barcelona03.jpg?fit=600%2C400&resize=350%2C200","width":350,"height":200},"classes":[]},{"id":1554,"url":"http:\/\/veracruzdemontilla.com\/?p=1554","url_meta":{"origin":507,"position":1},"title":"Solemnidad de Jesucristo Rey del Universo &#8211; 25 noviembre 2018","date":"22 noviembre, 2018","format":false,"excerpt":"El pr\u00f3ximo domingo 25 de noviembre tendr\u00e1 lugar la solemnidad de Jesucristo Rey del Universo, con la que se cierra el A\u00f1o Lit\u00fargico. Seg\u00fan el portal cat\u00f3lico ACIPRENSA, \"la fiesta de Cristo Rey fue instaurada por el papa P\u00edo XI el 11 de diciembre de 1925. El Papa quiso motivar\u2026","rel":"","context":"En \u00abActualidad\u00bb","img":{"alt_text":"Solemnidad de Cristo Rey","src":"https:\/\/i0.wp.com\/veracruzdemontilla.com\/wp-content\/uploads\/2018\/11\/Cristo-Rey-e1542883959467.jpg?fit=799%2C1200&resize=350%2C200","width":350,"height":200},"classes":[]},{"id":460,"url":"http:\/\/veracruzdemontilla.com\/?p=460","url_meta":{"origin":507,"position":2},"title":"El Vaticano prorroga hasta 2015 el A\u00f1o jubilar","date":"20 octubre, 2013","format":"video","excerpt":"El pasado 10 de octubre, la\u00a0Santa Sede\u00a0comunic\u00f3 al\u00a0obispo de C\u00f3rdoba, monse\u00f1or\u00a0Demetrio Fern\u00e1ndez, que prolongaba el\u00a0A\u00f1o Jubilar de San Juan de \u00c1vila\u00a0dos a\u00f1os m\u00e1s. \u00abSe trata de un hecho singular y poco habitual\u00bb, seg\u00fan explica en su web la Di\u00f3cesis de C\u00f3rdoba. As\u00ed,\u00a0Montilla\u00a0vivir\u00e1 un\u00a0Trienio Jubilar\u00a0como consecuencia de la declaraci\u00f3n, el pasado\u2026","rel":"","context":"En \u00abActualidad\u00bb","img":{"alt_text":"","src":"https:\/\/i2.wp.com\/veracruzdemontilla.com\/wp-content\/uploads\/2013\/10\/san-juan-avila-644-644x362.jpg?fit=644%2C362&resize=350%2C200","width":350,"height":200},"classes":[]},{"id":896,"url":"http:\/\/veracruzdemontilla.com\/?p=896","url_meta":{"origin":507,"position":3},"title":"Nuevo curso de formaci\u00f3n permanente sobre San Juan de \u00c1vila","date":"30 julio, 2014","format":false,"excerpt":"Bajo el t\u00edtulo \u201cIncardinados en una di\u00f3cesis, miembros de un presbiterio\u2026 como San Juan de \u00c1vila\u201d,\u00a0sacerdotes y seminaristas podr\u00e1n ampliar sus conocimientos sobre el nuevo doctor de la Iglesia. La Di\u00f3cesis de C\u00f3rdoba comenzar\u00e1 el nuevo curso en septiembre, de la mano de San Juan de \u00c1vila, puesto que los\u2026","rel":"","context":"En \u00abActualidad\u00bb","img":{"alt_text":"","src":"https:\/\/i2.wp.com\/veracruzdemontilla.com\/wp-content\/uploads\/2014\/07\/san-juan-de-avila-7.jpg?fit=640%2C400&resize=350%2C200","width":350,"height":200},"classes":[]},{"id":359,"url":"http:\/\/veracruzdemontilla.com\/?p=359","url_meta":{"origin":507,"position":4},"title":"San Juan de \u00c1vila, en su A\u00f1o Jubilar, que est\u00e1 acabando, \u00abha desbordado las previsiones\u00bb","date":"23 septiembre, 2013","format":false,"excerpt":"El obispo de C\u00f3rdoba, Demetrio Fern\u00e1ndez, considera que el A\u00f1o Jubilar dedicado a San Juan de \u00c1vila, santo predicador y maestros del siglo XVI, que concluye en octubre, \"ha demostrado\" que el Doctor de la Iglesia \"es un personaje de primer\u00edsima categor\u00eda, en la Iglesia y en la sociedad\". El\u2026","rel":"","context":"En \u00abActualidad\u00bb","img":{"alt_text":"","src":"https:\/\/i0.wp.com\/veracruzdemontilla.com\/wp-content\/uploads\/2013\/09\/demetrio.jpg?fit=827%2C519&resize=350%2C200","width":350,"height":200},"classes":[]},{"id":1192,"url":"http:\/\/veracruzdemontilla.com\/?p=1192","url_meta":{"origin":507,"position":5},"title":"Clausura del Trienio Jubilar en honor de San Juan de \u00c1vila en Montilla","date":"14 octubre, 2015","format":false,"excerpt":"El pasado lunes, 12 de octubre, celebramos la clausura del Trienio Jubilar en honor de San Juan de \u00c1vila\u00a0despu\u00e9s de que el d\u00eda 7 de octubre de 2012 el Papa Benedicto XVI lo declarara Doctor de la Iglesia Universal, presentando al Doctor del Amor divino y del sacerdocio como paradigma\u2026","rel":"","context":"En \u00abActualidad\u00bb","img":{"alt_text":"","src":"https:\/\/i0.wp.com\/veracruzdemontilla.com\/wp-content\/uploads\/2015\/10\/MG_35101b.jpg?fit=640%2C400&resize=350%2C200","width":350,"height":200},"classes":[]}],"_links":{"self":[{"href":"http:\/\/veracruzdemontilla.com\/index.php?rest_route=\/wp\/v2\/posts\/507"}],"collection":[{"href":"http:\/\/veracruzdemontilla.com\/index.php?rest_route=\/wp\/v2\/posts"}],"about":[{"href":"http:\/\/veracruzdemontilla.com\/index.php?rest_route=\/wp\/v2\/types\/post"}],"author":[{"embeddable":true,"href":"http:\/\/veracruzdemontilla.com\/index.php?rest_route=\/wp\/v2\/users\/1"}],"replies":[{"embeddable":true,"href":"http:\/\/veracruzdemontilla.com\/index.php?rest_route=%2Fwp%2Fv2%2Fcomments&post=507"}],"version-history":[{"count":1,"href":"http:\/\/veracruzdemontilla.com\/index.php?rest_route=\/wp\/v2\/posts\/507\/revisions"}],"predecessor-version":[{"id":509,"href":"http:\/\/veracruzdemontilla.com\/index.php?rest_route=\/wp\/v2\/posts\/507\/revisions\/509"}],"wp:featuredmedia":[{"embeddable":true,"href":"http:\/\/veracruzdemontilla.com\/index.php?rest_route=\/wp\/v2\/media\/510"}],"wp:attachment":[{"href":"http:\/\/veracruzdemontilla.com\/index.php?rest_route=%2Fwp%2Fv2%2Fmedia&parent=507"}],"wp:term":[{"taxonomy":"category","embeddable":true,"href":"http:\/\/veracruzdemontilla.com\/index.php?rest_route=%2Fwp%2Fv2%2Fcategories&post=507"},{"taxonomy":"post_tag","embeddable":true,"href":"http:\/\/veracruzdemontilla.com\/index.php?rest_route=%2Fwp%2Fv2%2Ftags&post=507"}],"curies":[{"name":"wp","href":"https:\/\/api.w.org\/{rel}","templated":true}]}}