{"id":504,"date":"2013-11-24T19:49:50","date_gmt":"2013-11-24T17:49:50","guid":{"rendered":"http:\/\/veracruzdemontilla.com\/?p=504"},"modified":"2013-11-24T19:49:50","modified_gmt":"2013-11-24T17:49:50","slug":"el-montillano-antonio-llamas-vela-nuevo-canonigo-de-la-santa-iglesia-catedral-de-cordoba","status":"publish","type":"post","link":"http:\/\/veracruzdemontilla.com\/?p=504","title":{"rendered":"El montillano Antonio Llamas Vela, nuevo can\u00f3nigo de la Santa Iglesia Catedral de C\u00f3rdoba"},"content":{"rendered":"<p style=\"text-align: justify;\">El periodista y p\u00e1rroco de San Lorenzo, Antonio Gil Moreno, y el montillano tres veces doctor (en Teolog\u00eda B\u00edblica, Filolog\u00eda B\u00edblica y Filosof\u00eda y Letras) Antonio Llamas Vela tomaron ayer posesi\u00f3n como can\u00f3nigos de la Santa Iglesia Catedral de C\u00f3rdoba, todo ello siguiendo un rito con ra\u00edces en el siglo XIII al tratarse de la instituci\u00f3n viva m\u00e1s antigua de C\u00f3rdoba junto al Ayuntamiento, record\u00f3 ayer el subdelegado del Gobierno, Juan Jos\u00e9 Primo Jurado, uno de los asistentes al acto.<\/p>\n<p style=\"text-align: justify;\">En el acto, el obispo de C\u00f3rdoba, Demetrio Fern\u00e1ndez, aprovech\u00f3 para recordar los tres grandes compromisos de los can\u00f3nigos: \u00abCultos, cultura y caridad\u00bb, sentenci\u00f3 el prelado refiri\u00e9ndose al papel del Cabildo en el d\u00eda a d\u00eda del templo, la importancia cultural y universal del edificio (tambi\u00e9n lo que ello supone para el turismo) y las numerosas obras sociales que sostiene el Cabildo Catedral, como el albergue Madre de Dios, la residencia San Pablo, su apoyo a C\u00e1ritas o colaboraciones como las recientes mejoras del Seminario. Al respecto, el obispo anim\u00f3 a los can\u00f3nigos a dar a conocer m\u00e1s su labor caritativa.<\/p>\n<p style=\"text-align: justify;\">La ceremonia en s\u00ed se dividi\u00f3 en tres partes. La primera, de car\u00e1cter estrictamente jur\u00eddica y con acceso \u00fanicamente a familiares y prensa, tuvo lugar en la Sala Capitular, en donde los nuevos can\u00f3nigos, tras la lectura del acta de nombramiento que firm\u00f3 el obispo el pasado d\u00eda 7, prometieron cumplir los estatutos ocupando despu\u00e9s sus correspondientes lugares en la mesa redonda que simboliza el car\u00e1cter colegial e igualitario de la entidad. Esta parte de la ceremonia fue cerrada con la referida intervenci\u00f3n del obispo.<\/p>\n<p style=\"text-align: justify;\">Tras una procesi\u00f3n hasta el coro de los, de nuevo, 21 miembros del Cabildo, ordenados seg\u00fan la fecha de nombramiento, la ceremonia continu\u00f3 ante una notable asistencia de autoridades, allegados y fieles con el rito que m\u00e1s claro manifiesta a la sociedad las nuevas incorporaciones. As\u00ed, tras ocupar su puesto en el coro se les impuso a los nuevos can\u00f3nigos el birrete de su autoridad. Por \u00faltimo, un acto en el Altar Mayor con las intervenciones de los nuevo dignatarios catedralicios cerr\u00f3 la ceremonia.<\/p>\n","protected":false},"excerpt":{"rendered":"<p>El periodista y p\u00e1rroco de San Lorenzo, Antonio Gil Moreno, y el montillano tres veces doctor (en Teolog\u00eda B\u00edblica, Filolog\u00eda B\u00edblica y Filosof\u00eda y Letras) Antonio Llamas Vela tomaron ayer posesi\u00f3n como can\u00f3nigos de la Santa Iglesia Catedral de C\u00f3rdoba, todo ello siguiendo un rito con ra\u00edces en el siglo XIII al tratarse de la [&#038;hellip<\/p>\n","protected":false},"author":1,"featured_media":505,"comment_status":"closed","ping_status":"open","sticky":false,"template":"","format":"standard","meta":{"advanced_seo_description":"","spay_email":"","jetpack_publicize_message":"","jetpack_is_tweetstorm":false},"categories":[5],"tags":[],"jetpack_featured_media_url":"https:\/\/i2.wp.com\/veracruzdemontilla.com\/wp-content\/uploads\/2013\/11\/canonigo.jpg?fit=600%2C400","jetpack_publicize_connections":[],"wpmagazine_modules_lite_featured_media_urls":{"thumbnail":["https:\/\/i2.wp.com\/veracruzdemontilla.com\/wp-content\/uploads\/2013\/11\/canonigo.jpg?resize=150%2C150",150,150,true],"cvmm-medium":["https:\/\/i2.wp.com\/veracruzdemontilla.com\/wp-content\/uploads\/2013\/11\/canonigo.jpg?resize=300%2C300",300,300,true],"cvmm-medium-plus":["https:\/\/i2.wp.com\/veracruzdemontilla.com\/wp-content\/uploads\/2013\/11\/canonigo.jpg?resize=305%2C207",305,207,true],"cvmm-portrait":["https:\/\/i2.wp.com\/veracruzdemontilla.com\/wp-content\/uploads\/2013\/11\/canonigo.jpg?resize=400%2C400",400,400,true],"cvmm-medium-square":["https:\/\/i2.wp.com\/veracruzdemontilla.com\/wp-content\/uploads\/2013\/11\/canonigo.jpg?resize=600%2C400",600,400,true],"cvmm-large":["https:\/\/i2.wp.com\/veracruzdemontilla.com\/wp-content\/uploads\/2013\/11\/canonigo.jpg?resize=600%2C400",600,400,true],"cvmm-small":["https:\/\/i2.wp.com\/veracruzdemontilla.com\/wp-content\/uploads\/2013\/11\/canonigo.jpg?resize=130%2C95",130,95,true],"full":["https:\/\/i2.wp.com\/veracruzdemontilla.com\/wp-content\/uploads\/2013\/11\/canonigo.jpg?fit=600%2C400",600,400,false]},"categories_names":{"5":{"name":"Actualidad","link":"http:\/\/veracruzdemontilla.com\/?cat=5"}},"tags_names":[],"comments_number":"0","jetpack_sharing_enabled":true,"jetpack_shortlink":"https:\/\/wp.me\/p9INPk-88","jetpack_likes_enabled":true,"jetpack-related-posts":[{"id":2475,"url":"http:\/\/veracruzdemontilla.com\/?p=2475","url_meta":{"origin":504,"position":0},"title":"Presentado el cartel de la Vera Cruz en el Magno V\u00eda Crucis","date":"24 septiembre, 2025","format":false,"excerpt":"El domingo 21 de septiembre, tras la misa dominical, la capilla del Santo Cristo de Zacatecas acogi\u00f3 la presentaci\u00f3n del cartel anunciador de la participaci\u00f3n del Santo Cristo de Zacatecas y Santa Mar\u00eda del Socorro en el Magno V\u00eda Crucis C\u00f3rdoba V\u00eda Sacra de Occidente. El acto dio comienzo con\u2026","rel":"","context":"En \u00abActualidad\u00bb","img":{"alt_text":"","src":"https:\/\/i1.wp.com\/veracruzdemontilla.com\/wp-content\/uploads\/2025\/09\/552115729_1871256357160206_6365698202636524812_n.jpg?fit=1200%2C900&resize=350%2C200","width":350,"height":200},"classes":[]},{"id":92,"url":"http:\/\/veracruzdemontilla.com\/?p=92","url_meta":{"origin":504,"position":1},"title":"Exaltaci\u00f3n de las Siete Palabras","date":"9 diciembre, 2009","format":false,"excerpt":"La Hermandad de la Santa Vera Cruz recuper\u00f3 para Montilla una tradici\u00f3n centenaria que desapareci\u00f3 hace muchos a\u00f1os: la solemne celebraci\u00f3n de la Exaltaci\u00f3n de las Siete Palabras, un acto que conmemora los siete testamentos p\u00fablicos que Cristo manifest\u00f3 pendiente de la cruz. De esta manera, la cofrad\u00eda m\u00e1s antigua\u2026","rel":"","context":"En \u00abSin categor\u00eda\u00bb","img":{"alt_text":"","src":"","width":0,"height":0},"classes":[]},{"id":2360,"url":"http:\/\/veracruzdemontilla.com\/?p=2360","url_meta":{"origin":504,"position":2},"title":"El Cristo de Zacatecas y la Virgen del Socorro har\u00e1n su salida desde la Santa Iglesia Catedral","date":"5 junio, 2025","format":false,"excerpt":"El Santo Cristo de Zacatecas y Santa Mar\u00eda del Socorro, Madre de Dios y Se\u00f1ora Nuestra, titulares de la Cofrad\u00eda Penitencial de la Santa Vera Cruz, har\u00e1n su salida procesional desde la Santa Iglesia Catedral de C\u00f3rdoba, templo dedicado a Nuestra Se\u00f1ora de la Asunci\u00f3n que es cabeza y madre\u2026","rel":"","context":"En \u00abActualidad\u00bb","img":{"alt_text":"","src":"https:\/\/i0.wp.com\/veracruzdemontilla.com\/wp-content\/uploads\/2025\/06\/WhatsApp-Image-2025-06-05-at-09.28.45.jpeg?fit=900%2C1200&resize=350%2C200","width":350,"height":200},"classes":[]},{"id":2338,"url":"http:\/\/veracruzdemontilla.com\/?p=2338","url_meta":{"origin":504,"position":3},"title":"Avanzan los preparativos para el Magno V\u00eda Crucis \u201cC\u00f3rdoba, V\u00eda Sacra de Occidente\u201d","date":"23 mayo, 2025","format":false,"excerpt":"Foto: Agrupaci\u00f3n de Hermandades y Cofrad\u00edas de C\u00f3rdoba El pr\u00f3ximo 11 de octubre, nuestra Cofrad\u00eda tendr\u00e1 el honor de participar en el Magno V\u00eda Crucis C\u00f3rdoba, V\u00eda Sacra de Occidente, una cita hist\u00f3rica que reunir\u00e1 a 34 pasos de 33 hermandades de toda la di\u00f3cesis. Este acto extraordinario conmemorar\u00e1 los\u2026","rel":"","context":"En \u00abActualidad\u00bb","img":{"alt_text":"","src":"https:\/\/i2.wp.com\/veracruzdemontilla.com\/wp-content\/uploads\/2025\/05\/431_2.jpg?fit=1200%2C641&resize=350%2C200","width":350,"height":200},"classes":[]},{"id":2383,"url":"http:\/\/veracruzdemontilla.com\/?p=2383","url_meta":{"origin":504,"position":4},"title":"C\u00f3rdoba se prepara para un hist\u00f3rico V\u00eda Crucis Magno el 11 de octubre","date":"27 junio, 2025","format":false,"excerpt":"El sal\u00f3n del trono del Palacio Episcopal acogi\u00f3 en la tarde de ayer la presentaci\u00f3n oficial del Magno V\u00eda Crucis El acto de presentaci\u00f3n congreg\u00f3 en la tarde de ayer a autoridades, organizadores y representantes de las hermandades participantes en el Palacio Episcopal con la intervenci\u00f3n del delegado diocesano de\u2026","rel":"","context":"En \u00abActualidad\u00bb","img":{"alt_text":"","src":"https:\/\/i2.wp.com\/veracruzdemontilla.com\/wp-content\/uploads\/2025\/06\/WhatsApp-Image-2025-06-27-at-00.08.51.jpeg?fit=1200%2C900&resize=350%2C200","width":350,"height":200},"classes":[]},{"id":1890,"url":"http:\/\/veracruzdemontilla.com\/?p=1890","url_meta":{"origin":504,"position":5},"title":"La Vera Cruz en el Magno V\u00eda Crucis de C\u00f3rdoba","date":"10 marzo, 2025","format":false,"excerpt":"Los Sagrados Titulares de la Cofrad\u00eda Penitencial de la Santa Vera Cruz procesionar\u00e1n el pr\u00f3ximo mes de octubre por la capital cordobesa, una vez aceptada la amable invitaci\u00f3n cursada por la Agrupaci\u00f3n de Hermandades y Cofrad\u00edas de C\u00f3rdoba. Como adelantaba nuestra cofrad\u00eda en un comunicado fechado el viernes 7 de\u2026","rel":"","context":"En \u00abMagno V\u00eda Crucis\u00bb","img":{"alt_text":"","src":"https:\/\/i2.wp.com\/veracruzdemontilla.com\/wp-content\/uploads\/2025\/03\/Via-Crucis-Magno_Zacatecas.jpg?fit=960%2C1200&resize=350%2C200","width":350,"height":200},"classes":[]}],"_links":{"self":[{"href":"http:\/\/veracruzdemontilla.com\/index.php?rest_route=\/wp\/v2\/posts\/504"}],"collection":[{"href":"http:\/\/veracruzdemontilla.com\/index.php?rest_route=\/wp\/v2\/posts"}],"about":[{"href":"http:\/\/veracruzdemontilla.com\/index.php?rest_route=\/wp\/v2\/types\/post"}],"author":[{"embeddable":true,"href":"http:\/\/veracruzdemontilla.com\/index.php?rest_route=\/wp\/v2\/users\/1"}],"replies":[{"embeddable":true,"href":"http:\/\/veracruzdemontilla.com\/index.php?rest_route=%2Fwp%2Fv2%2Fcomments&post=504"}],"version-history":[{"count":1,"href":"http:\/\/veracruzdemontilla.com\/index.php?rest_route=\/wp\/v2\/posts\/504\/revisions"}],"predecessor-version":[{"id":506,"href":"http:\/\/veracruzdemontilla.com\/index.php?rest_route=\/wp\/v2\/posts\/504\/revisions\/506"}],"wp:featuredmedia":[{"embeddable":true,"href":"http:\/\/veracruzdemontilla.com\/index.php?rest_route=\/wp\/v2\/media\/505"}],"wp:attachment":[{"href":"http:\/\/veracruzdemontilla.com\/index.php?rest_route=%2Fwp%2Fv2%2Fmedia&parent=504"}],"wp:term":[{"taxonomy":"category","embeddable":true,"href":"http:\/\/veracruzdemontilla.com\/index.php?rest_route=%2Fwp%2Fv2%2Fcategories&post=504"},{"taxonomy":"post_tag","embeddable":true,"href":"http:\/\/veracruzdemontilla.com\/index.php?rest_route=%2Fwp%2Fv2%2Ftags&post=504"}],"curies":[{"name":"wp","href":"https:\/\/api.w.org\/{rel}","templated":true}]}}