{"id":500,"date":"2013-11-19T17:11:13","date_gmt":"2013-11-19T15:11:13","guid":{"rendered":"http:\/\/veracruzdemontilla.com\/?p=500"},"modified":"2013-11-19T17:11:13","modified_gmt":"2013-11-19T15:11:13","slug":"se-presenta-la-guia-del-peregrino-del-camino-de-san-juan-de-avila","status":"publish","type":"post","link":"http:\/\/veracruzdemontilla.com\/?p=500","title":{"rendered":"Se presenta la Gu\u00eda del Peregrino del \u201cCamino de San Juan de \u00c1vila\u201d"},"content":{"rendered":"<p style=\"text-align: justify;\" align=\"center\">\u201cEl camino de San Juan de \u00c1vila\u201d la gu\u00eda, elaborada por el\u00a0<strong>Centro Diocesano de San Juan de \u00c1vila<\/strong>\u00a0recoge la informaci\u00f3n recabada por los tres monta\u00f1eros que emprendieron esta ruta a pie desde\u00a0<strong>Almod\u00f3var del Campo,\u00a0<\/strong>lugar de nacimiento del Doctor de la Iglesia,<strong>hasta Montilla<\/strong>, donde muri\u00f3 y se conserva su sepulcro, el pasado mes de octubre.<\/p>\n<p style=\"text-align: justify;\">Esta gu\u00eda contiene toda la informaci\u00f3n necesaria sobre el trayecto comprendido entre las dos localidades mencionadas anteriormente, que distan 185 km y que se pueden recorrer a pie en seis etapas de camino atravesando los parajes naturales del valle de la Alcudia y las sierras de Carde\u00f1a y Montoro. Asimismo, la gu\u00eda es fruto del trabajo de campo recabado por los tres monta\u00f1eros de Santa Mar\u00eda del Colegio Portaceli de los Jesuitas de Sevilla: Rafael Bar\u00f3n, Carlos Murillo y Pablo Ib\u00e1\u00f1ez, que trazaron esta ruta el pasado mes de octubre.<\/p>\n<p style=\"text-align: justify;\">La gu\u00eda se puede descargar en\u00a0<a href=\"http:\/\/www.rutaavilista.com\/\" target=\"_blank\">www.rutaavilista.com<\/a>\u00a0y en ella se podr\u00e1n encontrar fotograf\u00edas, consejos sobre el trayecto,fichas t\u00e9cnicas de las etapas, informaci\u00f3n y documentaci\u00f3n hist\u00f3rica, datos de inter\u00e9s paisaj\u00edstico etc.<\/p>\n","protected":false},"excerpt":{"rendered":"<p>\u201cEl camino de San Juan de \u00c1vila\u201d la gu\u00eda, elaborada por el\u00a0Centro Diocesano de San Juan de \u00c1vila\u00a0recoge la informaci\u00f3n recabada por los tres monta\u00f1eros que emprendieron esta ruta a pie desde\u00a0Almod\u00f3var del Campo,\u00a0lugar de nacimiento del Doctor de la Iglesia,hasta Montilla, donde muri\u00f3 y se conserva su sepulcro, el pasado mes de octubre. Esta [&#038;hellip<\/p>\n","protected":false},"author":1,"featured_media":501,"comment_status":"closed","ping_status":"open","sticky":false,"template":"","format":"standard","meta":{"advanced_seo_description":"","spay_email":"","jetpack_publicize_message":"","jetpack_is_tweetstorm":false},"categories":[5],"tags":[],"jetpack_featured_media_url":"https:\/\/i1.wp.com\/veracruzdemontilla.com\/wp-content\/uploads\/2013\/11\/guia-avilista.jpg?fit=600%2C400","jetpack_publicize_connections":[],"wpmagazine_modules_lite_featured_media_urls":{"thumbnail":["https:\/\/i1.wp.com\/veracruzdemontilla.com\/wp-content\/uploads\/2013\/11\/guia-avilista.jpg?resize=150%2C150",150,150,true],"cvmm-medium":["https:\/\/i1.wp.com\/veracruzdemontilla.com\/wp-content\/uploads\/2013\/11\/guia-avilista.jpg?resize=300%2C300",300,300,true],"cvmm-medium-plus":["https:\/\/i1.wp.com\/veracruzdemontilla.com\/wp-content\/uploads\/2013\/11\/guia-avilista.jpg?resize=305%2C207",305,207,true],"cvmm-portrait":["https:\/\/i1.wp.com\/veracruzdemontilla.com\/wp-content\/uploads\/2013\/11\/guia-avilista.jpg?resize=400%2C400",400,400,true],"cvmm-medium-square":["https:\/\/i1.wp.com\/veracruzdemontilla.com\/wp-content\/uploads\/2013\/11\/guia-avilista.jpg?resize=600%2C400",600,400,true],"cvmm-large":["https:\/\/i1.wp.com\/veracruzdemontilla.com\/wp-content\/uploads\/2013\/11\/guia-avilista.jpg?resize=600%2C400",600,400,true],"cvmm-small":["https:\/\/i1.wp.com\/veracruzdemontilla.com\/wp-content\/uploads\/2013\/11\/guia-avilista.jpg?resize=130%2C95",130,95,true],"full":["https:\/\/i1.wp.com\/veracruzdemontilla.com\/wp-content\/uploads\/2013\/11\/guia-avilista.jpg?fit=600%2C400",600,400,false]},"categories_names":{"5":{"name":"Actualidad","link":"http:\/\/veracruzdemontilla.com\/?cat=5"}},"tags_names":[],"comments_number":"0","jetpack_sharing_enabled":true,"jetpack_shortlink":"https:\/\/wp.me\/p9INPk-84","jetpack_likes_enabled":true,"jetpack-related-posts":[{"id":425,"url":"http:\/\/veracruzdemontilla.com\/?p=425","url_meta":{"origin":500,"position":0},"title":"Montilla, centro de peregrinaci\u00f3n","date":"6 octubre, 2013","format":false,"excerpt":"El Obispado de C\u00f3rdoba pretende convertir a Montilla en un centro de peregrinaci\u00f3n, que sea un referente a nivel nacional, mediante la iniciativa del Centro Diocesano San Juan de \u00c1vila de establecer una nueva ruta de peregrinaci\u00f3n a pie en Espa\u00f1a, en este caso 'El camino de San Juan de\u2026","rel":"","context":"En \u00abActualidad\u00bb","img":{"alt_text":"","src":"https:\/\/i0.wp.com\/veracruzdemontilla.com\/wp-content\/uploads\/2013\/10\/Obispado-Montilla-San-Juan-Avila_TINIMA20131002_1007_5.jpg?fit=627%2C352&resize=350%2C200","width":350,"height":200},"classes":[]},{"id":483,"url":"http:\/\/veracruzdemontilla.com\/?p=483","url_meta":{"origin":500,"position":1},"title":"M\u00e1s de 4000 personas veneran las reliquias de San Juan de \u00c1vila en Catalu\u00f1a","date":"29 octubre, 2013","format":false,"excerpt":"El 10 de octubre las reliquias\u00a0de san Juan de \u00c1vila, entre ellas su coraz\u00f3n\u00a0incorrupto, han visitado las di\u00f3cesis\u00a0de Barcelona, Terrassa y Vic, gracias a\u00a0la iniciativa de la Asociaci\u00f3n J\u00f3venes\u00a0de San Jos\u00e9. Todo empez\u00f3 con el A\u00f1o\u00a0de la Fe convocado por Benedicto XVI. \u00a0La visita del patrono del clero secular espa\u00f1ol\u2026","rel":"","context":"En \u00abActualidad\u00bb","img":{"alt_text":"","src":"https:\/\/i2.wp.com\/veracruzdemontilla.com\/wp-content\/uploads\/2013\/10\/barcelona03.jpg?fit=600%2C400&resize=350%2C200","width":350,"height":200},"classes":[]},{"id":524,"url":"http:\/\/veracruzdemontilla.com\/?p=524","url_meta":{"origin":500,"position":2},"title":"Realizando la Ruta Avilista","date":"1 diciembre, 2013","format":false,"excerpt":"Una de las actividades que ha tenido mayor acogida durante los \u00faltimos meses ha sido la\u00a0Ruta Avilista: una de las iniciativas del Centro Diocesano San Juan de \u00c1vila que busca dar a conocer la vida y obra de nuevo Doctor de la Iglesia Universal. \u00a0Como todos sab\u00e9is, nuestra Cofrad\u00eda ten\u00eda\u2026","rel":"","context":"En \u00abActualidad\u00bb","img":{"alt_text":"","src":"https:\/\/i0.wp.com\/veracruzdemontilla.com\/wp-content\/uploads\/2013\/12\/ruta01.jpg?fit=640%2C400&resize=350%2C200","width":350,"height":200},"classes":[]},{"id":1192,"url":"http:\/\/veracruzdemontilla.com\/?p=1192","url_meta":{"origin":500,"position":3},"title":"Clausura del Trienio Jubilar en honor de San Juan de \u00c1vila en Montilla","date":"14 octubre, 2015","format":false,"excerpt":"El pasado lunes, 12 de octubre, celebramos la clausura del Trienio Jubilar en honor de San Juan de \u00c1vila\u00a0despu\u00e9s de que el d\u00eda 7 de octubre de 2012 el Papa Benedicto XVI lo declarara Doctor de la Iglesia Universal, presentando al Doctor del Amor divino y del sacerdocio como paradigma\u2026","rel":"","context":"En \u00abActualidad\u00bb","img":{"alt_text":"","src":"https:\/\/i0.wp.com\/veracruzdemontilla.com\/wp-content\/uploads\/2015\/10\/MG_35101b.jpg?fit=640%2C400&resize=350%2C200","width":350,"height":200},"classes":[]},{"id":896,"url":"http:\/\/veracruzdemontilla.com\/?p=896","url_meta":{"origin":500,"position":4},"title":"Nuevo curso de formaci\u00f3n permanente sobre San Juan de \u00c1vila","date":"30 julio, 2014","format":false,"excerpt":"Bajo el t\u00edtulo \u201cIncardinados en una di\u00f3cesis, miembros de un presbiterio\u2026 como San Juan de \u00c1vila\u201d,\u00a0sacerdotes y seminaristas podr\u00e1n ampliar sus conocimientos sobre el nuevo doctor de la Iglesia. La Di\u00f3cesis de C\u00f3rdoba comenzar\u00e1 el nuevo curso en septiembre, de la mano de San Juan de \u00c1vila, puesto que los\u2026","rel":"","context":"En \u00abActualidad\u00bb","img":{"alt_text":"","src":"https:\/\/i2.wp.com\/veracruzdemontilla.com\/wp-content\/uploads\/2014\/07\/san-juan-de-avila-7.jpg?fit=640%2C400&resize=350%2C200","width":350,"height":200},"classes":[]},{"id":429,"url":"http:\/\/veracruzdemontilla.com\/?p=429","url_meta":{"origin":500,"position":5},"title":"Comienza el curso de formaci\u00f3n sobre San Juan de \u00c1vila para sacerdotes y seminaristas","date":"8 octubre, 2013","format":false,"excerpt":"Con motivo del primer aniversario del Doctorado de San Juan de \u00c1vila, se est\u00e1 celebrando el curso titulado \u201cIdentidad del presb\u00edtero diocesano secular, seg\u00fan san Juan de \u00c1vila\u201d. El pasado 7 de octubre, coincidiendo con el primer aniversario del nuevo Doctor de la Iglesia, comenz\u00f3 el curso de formaci\u00f3n espiritual\u2026","rel":"","context":"En \u00abActualidad\u00bb","img":{"alt_text":"","src":"https:\/\/i2.wp.com\/veracruzdemontilla.com\/wp-content\/uploads\/2013\/10\/curso-formacion-cordoba.jpg?fit=500%2C333&resize=350%2C200","width":350,"height":200},"classes":[]}],"_links":{"self":[{"href":"http:\/\/veracruzdemontilla.com\/index.php?rest_route=\/wp\/v2\/posts\/500"}],"collection":[{"href":"http:\/\/veracruzdemontilla.com\/index.php?rest_route=\/wp\/v2\/posts"}],"about":[{"href":"http:\/\/veracruzdemontilla.com\/index.php?rest_route=\/wp\/v2\/types\/post"}],"author":[{"embeddable":true,"href":"http:\/\/veracruzdemontilla.com\/index.php?rest_route=\/wp\/v2\/users\/1"}],"replies":[{"embeddable":true,"href":"http:\/\/veracruzdemontilla.com\/index.php?rest_route=%2Fwp%2Fv2%2Fcomments&post=500"}],"version-history":[{"count":1,"href":"http:\/\/veracruzdemontilla.com\/index.php?rest_route=\/wp\/v2\/posts\/500\/revisions"}],"predecessor-version":[{"id":502,"href":"http:\/\/veracruzdemontilla.com\/index.php?rest_route=\/wp\/v2\/posts\/500\/revisions\/502"}],"wp:featuredmedia":[{"embeddable":true,"href":"http:\/\/veracruzdemontilla.com\/index.php?rest_route=\/wp\/v2\/media\/501"}],"wp:attachment":[{"href":"http:\/\/veracruzdemontilla.com\/index.php?rest_route=%2Fwp%2Fv2%2Fmedia&parent=500"}],"wp:term":[{"taxonomy":"category","embeddable":true,"href":"http:\/\/veracruzdemontilla.com\/index.php?rest_route=%2Fwp%2Fv2%2Fcategories&post=500"},{"taxonomy":"post_tag","embeddable":true,"href":"http:\/\/veracruzdemontilla.com\/index.php?rest_route=%2Fwp%2Fv2%2Ftags&post=500"}],"curies":[{"name":"wp","href":"https:\/\/api.w.org\/{rel}","templated":true}]}}