{"id":497,"date":"2013-11-15T21:22:33","date_gmt":"2013-11-15T19:22:33","guid":{"rendered":"http:\/\/veracruzdemontilla.com\/?p=497"},"modified":"2013-11-15T21:22:33","modified_gmt":"2013-11-15T19:22:33","slug":"nuestra-cofradia-realizara-la-ruta-avilista","status":"publish","type":"post","link":"http:\/\/veracruzdemontilla.com\/?p=497","title":{"rendered":"Nuestra Cofrad\u00eda realizar\u00e1 la Ruta Avilista"},"content":{"rendered":"<p style=\"text-align: justify;\">Con motivo del Trienio Jubilar que la Santa Sede ha concedido a Montilla tras el nombramiento de San Juan de \u00c1vila como Doctor de la Iglesia Universal, nuestra Cofrad\u00eda realizar\u00e1 la Ruta Avilista el pr\u00f3ximo domingo 1 de diciembre para ganar as\u00ed las singulares gracias espirituales del Jubileo.<\/p>\n<p style=\"text-align: justify;\">Seguiremos los pasos del nuevo Doctor visitando los lugares m\u00e1s emblem\u00e1ticos que frecuent\u00f3 durante su estancia en nuestro pueblo, celebraremos la Misa del Peregrino y compartiremos juntos un almuerzo-convivencia. Ser\u00e1 una ocasi\u00f3n \u00fanica para fortalecer nuestros lazos de hermandad y para seguir demostrando p\u00fablicamente nuestro compromiso cristiano.<\/p>\n<p style=\"text-align: justify;\">Si est\u00e1s interesado\/a s\u00f3lo tienes que ponerte en contacto con alguno de los miembros de la Junta de Gobierno, asimismo te animamos a que difundas dicho evento a toda aquella persona que pueda estarlo.<\/p>\n<p style=\"text-align: justify;\">\n","protected":false},"excerpt":{"rendered":"<p>Con motivo del Trienio Jubilar que la Santa Sede ha concedido a Montilla tras el nombramiento de San Juan de \u00c1vila como Doctor de la Iglesia Universal, nuestra Cofrad\u00eda realizar\u00e1 la Ruta Avilista el pr\u00f3ximo domingo 1 de diciembre para ganar as\u00ed las singulares gracias espirituales del Jubileo. Seguiremos los pasos del nuevo Doctor visitando [&#038;hellip<\/p>\n","protected":false},"author":1,"featured_media":498,"comment_status":"closed","ping_status":"open","sticky":false,"template":"","format":"standard","meta":{"advanced_seo_description":"","spay_email":"","jetpack_publicize_message":"","jetpack_is_tweetstorm":false},"categories":[5],"tags":[4],"jetpack_featured_media_url":"https:\/\/i2.wp.com\/veracruzdemontilla.com\/wp-content\/uploads\/2013\/11\/rutaavilista.jpg?fit=650%2C400","jetpack_publicize_connections":[],"wpmagazine_modules_lite_featured_media_urls":{"thumbnail":["https:\/\/i2.wp.com\/veracruzdemontilla.com\/wp-content\/uploads\/2013\/11\/rutaavilista.jpg?resize=150%2C150",150,150,true],"cvmm-medium":["https:\/\/i2.wp.com\/veracruzdemontilla.com\/wp-content\/uploads\/2013\/11\/rutaavilista.jpg?resize=300%2C300",300,300,true],"cvmm-medium-plus":["https:\/\/i2.wp.com\/veracruzdemontilla.com\/wp-content\/uploads\/2013\/11\/rutaavilista.jpg?resize=305%2C207",305,207,true],"cvmm-portrait":["https:\/\/i2.wp.com\/veracruzdemontilla.com\/wp-content\/uploads\/2013\/11\/rutaavilista.jpg?resize=400%2C400",400,400,true],"cvmm-medium-square":["https:\/\/i2.wp.com\/veracruzdemontilla.com\/wp-content\/uploads\/2013\/11\/rutaavilista.jpg?resize=600%2C400",600,400,true],"cvmm-large":["https:\/\/i2.wp.com\/veracruzdemontilla.com\/wp-content\/uploads\/2013\/11\/rutaavilista.jpg?resize=650%2C400",650,400,true],"cvmm-small":["https:\/\/i2.wp.com\/veracruzdemontilla.com\/wp-content\/uploads\/2013\/11\/rutaavilista.jpg?resize=130%2C95",130,95,true],"full":["https:\/\/i2.wp.com\/veracruzdemontilla.com\/wp-content\/uploads\/2013\/11\/rutaavilista.jpg?fit=650%2C400",650,400,false]},"categories_names":{"5":{"name":"Actualidad","link":"http:\/\/veracruzdemontilla.com\/?cat=5"}},"tags_names":{"4":{"name":"Favoritos","link":"http:\/\/veracruzdemontilla.com\/?tag=favoritos"}},"comments_number":"0","jetpack_sharing_enabled":true,"jetpack_shortlink":"https:\/\/wp.me\/p9INPk-81","jetpack_likes_enabled":true,"jetpack-related-posts":[{"id":524,"url":"http:\/\/veracruzdemontilla.com\/?p=524","url_meta":{"origin":497,"position":0},"title":"Realizando la Ruta Avilista","date":"1 diciembre, 2013","format":false,"excerpt":"Una de las actividades que ha tenido mayor acogida durante los \u00faltimos meses ha sido la\u00a0Ruta Avilista: una de las iniciativas del Centro Diocesano San Juan de \u00c1vila que busca dar a conocer la vida y obra de nuevo Doctor de la Iglesia Universal. \u00a0Como todos sab\u00e9is, nuestra Cofrad\u00eda ten\u00eda\u2026","rel":"","context":"En \u00abActualidad\u00bb","img":{"alt_text":"","src":"https:\/\/i0.wp.com\/veracruzdemontilla.com\/wp-content\/uploads\/2013\/12\/ruta01.jpg?fit=640%2C400&resize=350%2C200","width":350,"height":200},"classes":[]},{"id":511,"url":"http:\/\/veracruzdemontilla.com\/?p=511","url_meta":{"origin":497,"position":1},"title":"Carta Informativa de nuestro Hermano Mayor","date":"26 noviembre, 2013","format":false,"excerpt":"Montilla, 21 de noviembre de 2013 Estimado\/a hermano\/a de la Cofrad\u00eda de la Santa Vera Cruz: Me dirijo a ti por primera vez desde que se celebraran el pasado 5 de julio del presente a\u00f1o las elecciones a Hermano Mayor, para agradecer en nombre de la nueva Junta de Gobierno\u2026","rel":"","context":"En \u00abActualidad\u00bb","img":{"alt_text":"","src":"https:\/\/i0.wp.com\/veracruzdemontilla.com\/wp-content\/uploads\/2013\/11\/cartahm.jpg?fit=640%2C400&resize=350%2C200","width":350,"height":200},"classes":[]},{"id":425,"url":"http:\/\/veracruzdemontilla.com\/?p=425","url_meta":{"origin":497,"position":2},"title":"Montilla, centro de peregrinaci\u00f3n","date":"6 octubre, 2013","format":false,"excerpt":"El Obispado de C\u00f3rdoba pretende convertir a Montilla en un centro de peregrinaci\u00f3n, que sea un referente a nivel nacional, mediante la iniciativa del Centro Diocesano San Juan de \u00c1vila de establecer una nueva ruta de peregrinaci\u00f3n a pie en Espa\u00f1a, en este caso 'El camino de San Juan de\u2026","rel":"","context":"En \u00abActualidad\u00bb","img":{"alt_text":"","src":"https:\/\/i0.wp.com\/veracruzdemontilla.com\/wp-content\/uploads\/2013\/10\/Obispado-Montilla-San-Juan-Avila_TINIMA20131002_1007_5.jpg?fit=627%2C352&resize=350%2C200","width":350,"height":200},"classes":[]},{"id":823,"url":"http:\/\/veracruzdemontilla.com\/?p=823","url_meta":{"origin":497,"position":3},"title":"Celebrado el Cabildo General Ordinario de nuestra Cofrad\u00eda","date":"24 mayo, 2014","format":false,"excerpt":"En la tarde-noche del pasado viernes 23 de mayo, tras la convocatoria previa a todos los hermanos, tuvo lugar el Cabildo General Ordinario de nuestra Cofrad\u00eda en la capilla del Santo Cristo de Zacatecas. Tras las preces iniciales de nuestro Consiliario, D. Jos\u00e9 Almedina, fue le\u00edda el acta del Cabildo\u2026","rel":"","context":"En \u00abActualidad\u00bb","img":{"alt_text":"","src":"https:\/\/i1.wp.com\/veracruzdemontilla.com\/wp-content\/uploads\/2014\/05\/cabildo1.jpg?fit=640%2C400&resize=350%2C200","width":350,"height":200},"classes":[]},{"id":1622,"url":"http:\/\/veracruzdemontilla.com\/?p=1622","url_meta":{"origin":497,"position":4},"title":"La Cofrad\u00eda de la Vera Cruz celebra su I Perol campero","date":"20 enero, 2020","format":false,"excerpt":"El pr\u00f3ximo s\u00e1bado 1 de febrero, v\u00edspera de la festividad de la Candelaria, la Cofrad\u00eda Penitencial de la Santa Vera Cruz realizar\u00e1 el I Perol campero con el fin de sufragar los gastos derivados de los trabajos de talla del trono de nuestros Sagrados Titulares. Con esta actividad se pretende\u2026","rel":"","context":"En \u00abActualidad\u00bb","img":{"alt_text":"","src":"https:\/\/i1.wp.com\/veracruzdemontilla.com\/wp-content\/uploads\/2020\/01\/Imagen-I-Perol-Campero_rrrss.png?fit=848%2C1200&resize=350%2C200","width":350,"height":200},"classes":[]},{"id":606,"url":"http:\/\/veracruzdemontilla.com\/?p=606","url_meta":{"origin":497,"position":5},"title":"La parroquia de Santiago inicia la segunda fase de su reforma","date":"24 enero, 2014","format":false,"excerpt":"La parroquia de Santiago Ap\u00f3stol de Montilla acaba de iniciar su segunda fase de restauraci\u00f3n, con la que se pretende solventar los graves problemas de humedad que padece el templo desde hace a\u00f1os. Tras el arreglo de la nave de la Ep\u00edstola, iniciado por el Obispado el pasado verano, los\u2026","rel":"","context":"En \u00abActualidad\u00bb","img":{"alt_text":"","src":"https:\/\/i2.wp.com\/veracruzdemontilla.com\/wp-content\/uploads\/2014\/01\/obras_parroquia.jpg?fit=640%2C400&resize=350%2C200","width":350,"height":200},"classes":[]}],"_links":{"self":[{"href":"http:\/\/veracruzdemontilla.com\/index.php?rest_route=\/wp\/v2\/posts\/497"}],"collection":[{"href":"http:\/\/veracruzdemontilla.com\/index.php?rest_route=\/wp\/v2\/posts"}],"about":[{"href":"http:\/\/veracruzdemontilla.com\/index.php?rest_route=\/wp\/v2\/types\/post"}],"author":[{"embeddable":true,"href":"http:\/\/veracruzdemontilla.com\/index.php?rest_route=\/wp\/v2\/users\/1"}],"replies":[{"embeddable":true,"href":"http:\/\/veracruzdemontilla.com\/index.php?rest_route=%2Fwp%2Fv2%2Fcomments&post=497"}],"version-history":[{"count":1,"href":"http:\/\/veracruzdemontilla.com\/index.php?rest_route=\/wp\/v2\/posts\/497\/revisions"}],"predecessor-version":[{"id":499,"href":"http:\/\/veracruzdemontilla.com\/index.php?rest_route=\/wp\/v2\/posts\/497\/revisions\/499"}],"wp:featuredmedia":[{"embeddable":true,"href":"http:\/\/veracruzdemontilla.com\/index.php?rest_route=\/wp\/v2\/media\/498"}],"wp:attachment":[{"href":"http:\/\/veracruzdemontilla.com\/index.php?rest_route=%2Fwp%2Fv2%2Fmedia&parent=497"}],"wp:term":[{"taxonomy":"category","embeddable":true,"href":"http:\/\/veracruzdemontilla.com\/index.php?rest_route=%2Fwp%2Fv2%2Fcategories&post=497"},{"taxonomy":"post_tag","embeddable":true,"href":"http:\/\/veracruzdemontilla.com\/index.php?rest_route=%2Fwp%2Fv2%2Ftags&post=497"}],"curies":[{"name":"wp","href":"https:\/\/api.w.org\/{rel}","templated":true}]}}