{"id":489,"date":"2013-11-03T14:45:03","date_gmt":"2013-11-03T12:45:03","guid":{"rendered":"http:\/\/veracruzdemontilla.com\/?p=489"},"modified":"2013-11-03T14:45:03","modified_gmt":"2013-11-03T12:45:03","slug":"la-brimz-x-homenajea-a-los-caidos-por-la-patria","status":"publish","type":"post","link":"http:\/\/veracruzdemontilla.com\/?p=489","title":{"rendered":"La Brimz X homenajea a los ca\u00eddos por la patria"},"content":{"rendered":"<p style=\"text-align: justify;\">El Ej\u00e9rcito de Tierra celebr\u00f3 ayer como cada a\u00f1o el D\u00eda de los Ca\u00eddos por la Patria, en el que se homenaje\u00f3 a todos aquellos soldados que dieron su vida por Espa\u00f1a, rindiendo honores a todos los fallecidos, como reconocimiento a su m\u00e9rito, sacrificio y testimonio de respeto a sus familias. Para tal fin se celebr\u00f3 un acto en el cementerio de San Rafael en el que se encuentran sepulturas de soldados ca\u00eddos por Espa\u00f1a.<\/p>\n<p style=\"text-align: justify;\">Este acto estuvo presidido por el coronel <strong>Antonio Ruiz Olmos, jefe de la Brigada de Infanter\u00eda Mecanizada Guzm\u00e1n el Bueno X<\/strong> y comandante militar de C\u00f3rdoba y Ja\u00e9n. El acto comenz\u00f3 con la lectura del soneto\u00a0<em>Homenaje a los que dieron su vida por Espa\u00f1a\u00a0<\/em>y continu\u00f3 con la colocaci\u00f3n de una corona. Para finalizar, un responso y se interpret\u00f3 el toque de oraci\u00f3n.<\/p>\n","protected":false},"excerpt":{"rendered":"<p>El Ej\u00e9rcito de Tierra celebr\u00f3 ayer como cada a\u00f1o el D\u00eda de los Ca\u00eddos por la Patria, en el que se homenaje\u00f3 a todos aquellos soldados que dieron su vida por Espa\u00f1a, rindiendo honores a todos los fallecidos, como reconocimiento a su m\u00e9rito, sacrificio y testimonio de respeto a sus familias. Para tal fin se [&#038;hellip<\/p>\n","protected":false},"author":1,"featured_media":490,"comment_status":"closed","ping_status":"open","sticky":false,"template":"","format":"standard","meta":{"advanced_seo_description":"","spay_email":"","jetpack_publicize_message":"","jetpack_is_tweetstorm":false},"categories":[5],"tags":[],"jetpack_featured_media_url":"https:\/\/i1.wp.com\/veracruzdemontilla.com\/wp-content\/uploads\/2013\/11\/inmaculada3.jpg?fit=640%2C399","jetpack_publicize_connections":[],"wpmagazine_modules_lite_featured_media_urls":{"thumbnail":["https:\/\/i1.wp.com\/veracruzdemontilla.com\/wp-content\/uploads\/2013\/11\/inmaculada3.jpg?resize=150%2C150",150,150,true],"cvmm-medium":["https:\/\/i1.wp.com\/veracruzdemontilla.com\/wp-content\/uploads\/2013\/11\/inmaculada3.jpg?resize=300%2C300",300,300,true],"cvmm-medium-plus":["https:\/\/i1.wp.com\/veracruzdemontilla.com\/wp-content\/uploads\/2013\/11\/inmaculada3.jpg?resize=305%2C207",305,207,true],"cvmm-portrait":["https:\/\/i1.wp.com\/veracruzdemontilla.com\/wp-content\/uploads\/2013\/11\/inmaculada3.jpg?resize=400%2C399",400,399,true],"cvmm-medium-square":["https:\/\/i1.wp.com\/veracruzdemontilla.com\/wp-content\/uploads\/2013\/11\/inmaculada3.jpg?resize=600%2C399",600,399,true],"cvmm-large":["https:\/\/i1.wp.com\/veracruzdemontilla.com\/wp-content\/uploads\/2013\/11\/inmaculada3.jpg?resize=640%2C399",640,399,true],"cvmm-small":["https:\/\/i1.wp.com\/veracruzdemontilla.com\/wp-content\/uploads\/2013\/11\/inmaculada3.jpg?resize=130%2C95",130,95,true],"full":["https:\/\/i1.wp.com\/veracruzdemontilla.com\/wp-content\/uploads\/2013\/11\/inmaculada3.jpg?fit=640%2C399",640,399,false]},"categories_names":{"5":{"name":"Actualidad","link":"http:\/\/veracruzdemontilla.com\/?cat=5"}},"tags_names":[],"comments_number":"0","jetpack_sharing_enabled":true,"jetpack_shortlink":"https:\/\/wp.me\/p9INPk-7T","jetpack_likes_enabled":true,"jetpack-related-posts":[{"id":636,"url":"http:\/\/veracruzdemontilla.com\/?p=636","url_meta":{"origin":489,"position":0},"title":"447 ANIVERSARIO DE LA FUNDACI\u00d3N DEL RIMZ C\u00d3RDOBA 10","date":"26 febrero, 2014","format":false,"excerpt":"Este a\u00f1o se cumple el 447 aniversario de la fundaci\u00f3n del Tercio de Figueroa, del cual desciende el actual Regimiento de Infanter\u00eda Mecanizada C\u00f3rdoba 10 y al que se le conoce con el sobrenombre de \u201cEl Sacrificado\u201d. Tiene su base en Cerro Muriano (C\u00f3rdoba) y est\u00e1 integrado en la Brigada\u2026","rel":"","context":"En \u00abActualidad\u00bb","img":{"alt_text":"","src":"https:\/\/i0.wp.com\/veracruzdemontilla.com\/wp-content\/uploads\/2014\/02\/antoniohidalgo.jpg?fit=640%2C400&resize=350%2C200","width":350,"height":200},"classes":[]},{"id":2440,"url":"http:\/\/veracruzdemontilla.com\/?p=2440","url_meta":{"origin":489,"position":1},"title":"Conmemoraci\u00f3n de Santiago Ap\u00f3stol en la base de Cerro Muriano","date":"26 julio, 2025","format":false,"excerpt":"El Regimiento Acorazado \u201cC\u00f3rdoba\u201d n\u00ba 10, hermano mayor honorario de nuestra cofrad\u00eda, celebr\u00f3 ayer, como cada 25 de julio, el acto en honor a Santiago Ap\u00f3stol, patr\u00f3n del Arma de Caballer\u00eda. El ap\u00f3stol Santiago no es solo el patr\u00f3n de Espa\u00f1a sino que para la milicia es patr\u00f3n, adem\u00e1s, del\u2026","rel":"","context":"En \u00abRAC10\u00bb","img":{"alt_text":"","src":"https:\/\/i1.wp.com\/veracruzdemontilla.com\/wp-content\/uploads\/2025\/07\/WhatsApp-Image-2025-07-25-at-17.48.24.jpeg?fit=1200%2C900&resize=350%2C200","width":350,"height":200},"classes":[]},{"id":1092,"url":"http:\/\/veracruzdemontilla.com\/?p=1092","url_meta":{"origin":489,"position":2},"title":"Jura de Bandera para personal civil en Montilla","date":"20 abril, 2015","format":false,"excerpt":"Una jura de bandera para personal civil puso ayer el broche de oro a los actos que han tenido lugar en Montilla a lo largo de todo el fin de semana con motivo de la conmemoraci\u00f3n del quinto centenario del fallecimiento del Gran Capit\u00e1n. La plaza Puerta de Montilla acogi\u00f3\u2026","rel":"","context":"En \u00abActualidad\u00bb","img":{"alt_text":"","src":"https:\/\/i0.wp.com\/veracruzdemontilla.com\/wp-content\/uploads\/2015\/04\/jura_bandera.jpg?fit=640%2C400&resize=350%2C200","width":350,"height":200},"classes":[]},{"id":1321,"url":"http:\/\/veracruzdemontilla.com\/?p=1321","url_meta":{"origin":489,"position":3},"title":"El Regimiento C\u00f3rdoba 10 celebra su 450 aniversario","date":"4 mayo, 2016","format":false,"excerpt":"El Regimiento Acorazado C\u00f3rdoba 10, perteneciente a la Brigada de Infanter\u00eda Mecanizada Guzm\u00e1n el Bueno X y que es uno de los m\u00e1s antiguos de Espa\u00f1a y de Europa, cumple este a\u00f1o el 450 aniversario de su creaci\u00f3n, motivo por el que se han programado una serie de actos que\u2026","rel":"","context":"En \u00abActualidad\u00bb","img":{"alt_text":"","src":"https:\/\/i2.wp.com\/veracruzdemontilla.com\/wp-content\/uploads\/2016\/05\/450ani.jpg?fit=640%2C400&resize=350%2C200","width":350,"height":200},"classes":[]},{"id":1219,"url":"http:\/\/veracruzdemontilla.com\/?p=1219","url_meta":{"origin":489,"position":4},"title":"La Brigada Guzm\u00e1n el Bueno X cierra los actos del Gran Capit\u00e1n","date":"29 noviembre, 2015","format":false,"excerpt":"La Brigada de Infanter\u00eda Mecanizada (Brimz) Guzm\u00e1n el Bueno X, con sede en Cerro Muriano, escogi\u00f3 ayer el castillo de Montilla, lugar en el que vio la luz El Gran Capit\u00e1n, para clausurar los actos conmemorativos del quinto centenario del fallecimiento del militar montillano. Y lo hizo con un sentido\u2026","rel":"","context":"En \u00abActualidad\u00bb","img":{"alt_text":"","src":"https:\/\/i0.wp.com\/veracruzdemontilla.com\/wp-content\/uploads\/2015\/11\/fingrancapitan.jpg?fit=640%2C400&resize=350%2C200","width":350,"height":200},"classes":[]},{"id":222,"url":"http:\/\/veracruzdemontilla.com\/?p=222","url_meta":{"origin":489,"position":5},"title":"La Brigada de Infanter\u00eda Mecanizada \u201cGuzm\u00e1n el Bueno\u201d n\u00famero X, toma Bail\u00e9n","date":"24 julio, 2013","format":false,"excerpt":"La Compa\u00f1\u00eda de Honores del Regimiento de Infanter\u00eda Mecanizada C\u00f3rdoba n\u00famero 2, de guarnici\u00f3n en C\u00f3rdoba, con bandera, banda de guerra de la Brigada de Infanter\u00eda Mecanizada \u201cGuzm\u00e1n el Bueno\u201d n\u00famero X y escuadra de gastadores hizo su entrada en Bail\u00e9n a las 11:45 Las fiestas conmemorativas del 205 aniversario\u2026","rel":"","context":"En \u00abActualidad\u00bb","img":{"alt_text":"","src":"https:\/\/i2.wp.com\/veracruzdemontilla.com\/wp-content\/uploads\/2013\/07\/DSC00460.jpg?fit=1200%2C900&resize=350%2C200","width":350,"height":200},"classes":[]}],"_links":{"self":[{"href":"http:\/\/veracruzdemontilla.com\/index.php?rest_route=\/wp\/v2\/posts\/489"}],"collection":[{"href":"http:\/\/veracruzdemontilla.com\/index.php?rest_route=\/wp\/v2\/posts"}],"about":[{"href":"http:\/\/veracruzdemontilla.com\/index.php?rest_route=\/wp\/v2\/types\/post"}],"author":[{"embeddable":true,"href":"http:\/\/veracruzdemontilla.com\/index.php?rest_route=\/wp\/v2\/users\/1"}],"replies":[{"embeddable":true,"href":"http:\/\/veracruzdemontilla.com\/index.php?rest_route=%2Fwp%2Fv2%2Fcomments&post=489"}],"version-history":[{"count":1,"href":"http:\/\/veracruzdemontilla.com\/index.php?rest_route=\/wp\/v2\/posts\/489\/revisions"}],"predecessor-version":[{"id":491,"href":"http:\/\/veracruzdemontilla.com\/index.php?rest_route=\/wp\/v2\/posts\/489\/revisions\/491"}],"wp:featuredmedia":[{"embeddable":true,"href":"http:\/\/veracruzdemontilla.com\/index.php?rest_route=\/wp\/v2\/media\/490"}],"wp:attachment":[{"href":"http:\/\/veracruzdemontilla.com\/index.php?rest_route=%2Fwp%2Fv2%2Fmedia&parent=489"}],"wp:term":[{"taxonomy":"category","embeddable":true,"href":"http:\/\/veracruzdemontilla.com\/index.php?rest_route=%2Fwp%2Fv2%2Fcategories&post=489"},{"taxonomy":"post_tag","embeddable":true,"href":"http:\/\/veracruzdemontilla.com\/index.php?rest_route=%2Fwp%2Fv2%2Ftags&post=489"}],"curies":[{"name":"wp","href":"https:\/\/api.w.org\/{rel}","templated":true}]}}