{"id":483,"date":"2013-10-29T22:40:23","date_gmt":"2013-10-29T20:40:23","guid":{"rendered":"http:\/\/veracruzdemontilla.com\/?p=483"},"modified":"2013-10-29T22:40:23","modified_gmt":"2013-10-29T20:40:23","slug":"mas-de-4000-personas-veneran-las-reliquias-de-san-juan-de-avila-en-cataluna","status":"publish","type":"post","link":"http:\/\/veracruzdemontilla.com\/?p=483","title":{"rendered":"M\u00e1s de 4000 personas veneran las reliquias de San Juan de \u00c1vila en Catalu\u00f1a"},"content":{"rendered":"<p style=\"text-align: justify;\">El 10 de octubre las reliquias\u00a0de san Juan de \u00c1vila, entre ellas su coraz\u00f3n\u00a0incorrupto, han visitado las di\u00f3cesis\u00a0de Barcelona, Terrassa y Vic, gracias a\u00a0la iniciativa de la Asociaci\u00f3n J\u00f3venes\u00a0de San Jos\u00e9. Todo empez\u00f3 con el A\u00f1o\u00a0de la Fe convocado por Benedicto XVI. \u00a0La visita del patrono del clero secular espa\u00f1ol a Barcelona finaliz\u00f3 el dia 23 de octubre, y durante este periodo de tiempo ha sido venerado por m\u00e1s de 4000 personas.<\/p>\n<p style=\"text-align: justify;\"><a href=\"https:\/\/i2.wp.com\/veracruzdemontilla.com\/wp-content\/uploads\/2013\/10\/barcelona01.jpg\"><img data-attachment-id=\"484\" data-permalink=\"http:\/\/veracruzdemontilla.com\/?attachment_id=484\" data-orig-file=\"https:\/\/i2.wp.com\/veracruzdemontilla.com\/wp-content\/uploads\/2013\/10\/barcelona01.jpg?fit=600%2C400\" data-orig-size=\"600,400\" data-comments-opened=\"0\" data-image-meta=\"{&quot;aperture&quot;:&quot;0&quot;,&quot;credit&quot;:&quot;&quot;,&quot;camera&quot;:&quot;&quot;,&quot;caption&quot;:&quot;&quot;,&quot;created_timestamp&quot;:&quot;0&quot;,&quot;copyright&quot;:&quot;&quot;,&quot;focal_length&quot;:&quot;0&quot;,&quot;iso&quot;:&quot;0&quot;,&quot;shutter_speed&quot;:&quot;0&quot;,&quot;title&quot;:&quot;&quot;}\" data-image-title=\"barcelona01\" data-image-description=\"\" data-image-caption=\"\" data-medium-file=\"https:\/\/i2.wp.com\/veracruzdemontilla.com\/wp-content\/uploads\/2013\/10\/barcelona01.jpg?fit=300%2C200\" data-large-file=\"https:\/\/i2.wp.com\/veracruzdemontilla.com\/wp-content\/uploads\/2013\/10\/barcelona01.jpg?fit=600%2C400\" loading=\"lazy\" class=\"aligncenter size-full wp-image-484\" alt=\"barcelona01\" src=\"https:\/\/i2.wp.com\/veracruzdemontilla.com\/wp-content\/uploads\/2013\/10\/barcelona01.jpg?resize=600%2C400\" width=\"600\" height=\"400\" srcset=\"https:\/\/i2.wp.com\/veracruzdemontilla.com\/wp-content\/uploads\/2013\/10\/barcelona01.jpg?w=600 600w, https:\/\/i2.wp.com\/veracruzdemontilla.com\/wp-content\/uploads\/2013\/10\/barcelona01.jpg?resize=300%2C200 300w\" sizes=\"(max-width: 600px) 100vw, 600px\" data-recalc-dims=\"1\" \/><\/a><\/p>\n<p style=\"text-align: justify;\">Dec\u00eda el presidente de J\u00f3venes de San Jos\u00e9 (JSJ),\u00a0Marcos Vera, \u00abpara este a\u00f1o quer\u00edamos\u00a0hacer apostolado de una manera especial.\u00a0Una de las actividades fueron las\u00a0misiones populares. Uno de los sitios\u00a0escogidos fue una parroquia de C\u00f3rdoba,\u00a0donde estaban las reliquias de\u00a0san Juan de \u00c1vila. Viendo el gran bien\u00a0que esto hac\u00eda, decidimos traer las reliquias\u00a0a Catalu\u00f1a. Adem\u00e1s, pensamos\u00a0que en este A\u00f1o de la Fe una figura\u00a0central es la del sacerdote y san Juan\u00a0de \u00c1vila es precisamente el patrono de\u00a0San Juan de \u00c1vila, en Catalu\u00f1a\u00bb.<\/p>\n<p style=\"text-align: justify;\"><a href=\"https:\/\/i2.wp.com\/veracruzdemontilla.com\/wp-content\/uploads\/2013\/10\/barcelona02.jpg\"><img data-attachment-id=\"485\" data-permalink=\"http:\/\/veracruzdemontilla.com\/?attachment_id=485\" data-orig-file=\"https:\/\/i2.wp.com\/veracruzdemontilla.com\/wp-content\/uploads\/2013\/10\/barcelona02.jpg?fit=600%2C400\" data-orig-size=\"600,400\" data-comments-opened=\"0\" data-image-meta=\"{&quot;aperture&quot;:&quot;0&quot;,&quot;credit&quot;:&quot;&quot;,&quot;camera&quot;:&quot;&quot;,&quot;caption&quot;:&quot;&quot;,&quot;created_timestamp&quot;:&quot;0&quot;,&quot;copyright&quot;:&quot;&quot;,&quot;focal_length&quot;:&quot;0&quot;,&quot;iso&quot;:&quot;0&quot;,&quot;shutter_speed&quot;:&quot;0&quot;,&quot;title&quot;:&quot;&quot;}\" data-image-title=\"barcelona02\" data-image-description=\"\" data-image-caption=\"\" data-medium-file=\"https:\/\/i2.wp.com\/veracruzdemontilla.com\/wp-content\/uploads\/2013\/10\/barcelona02.jpg?fit=300%2C200\" data-large-file=\"https:\/\/i2.wp.com\/veracruzdemontilla.com\/wp-content\/uploads\/2013\/10\/barcelona02.jpg?fit=600%2C400\" loading=\"lazy\" class=\"aligncenter size-full wp-image-485\" alt=\"barcelona02\" src=\"https:\/\/i2.wp.com\/veracruzdemontilla.com\/wp-content\/uploads\/2013\/10\/barcelona02.jpg?resize=600%2C400\" width=\"600\" height=\"400\" srcset=\"https:\/\/i2.wp.com\/veracruzdemontilla.com\/wp-content\/uploads\/2013\/10\/barcelona02.jpg?w=600 600w, https:\/\/i2.wp.com\/veracruzdemontilla.com\/wp-content\/uploads\/2013\/10\/barcelona02.jpg?resize=300%2C200 300w\" sizes=\"(max-width: 600px) 100vw, 600px\" data-recalc-dims=\"1\" \/><\/a><\/p>\n<p style=\"text-align: justify;\">Coincidiendo con la clausura del A\u00f1o\u00a0Santo Avilista y el primer aniversario\u00a0de la declaraci\u00f3n de san Juan de \u00c1vila\u00a0como doctor de la Iglesia, sus reliquias\u00a0han peregrinado por parroquias, colegios\u00a0y conventos de Catalu\u00f1a, con dos\u00a0actos centrales en la parroquia de San\u00a0Francisco de Paula de Barcelona: una\u00a0vigilia de oraci\u00f3n y una eucarist\u00eda, el\u00a0s\u00e1bado 19 de octubre y el domingo 20,\u00a0respectivamente.<\/p>\n<p style=\"text-align: justify;\"><a href=\"https:\/\/i1.wp.com\/veracruzdemontilla.com\/wp-content\/uploads\/2013\/10\/barcelona04.jpg\"><img data-attachment-id=\"486\" data-permalink=\"http:\/\/veracruzdemontilla.com\/?attachment_id=486\" data-orig-file=\"https:\/\/i1.wp.com\/veracruzdemontilla.com\/wp-content\/uploads\/2013\/10\/barcelona04.jpg?fit=600%2C400\" data-orig-size=\"600,400\" data-comments-opened=\"0\" data-image-meta=\"{&quot;aperture&quot;:&quot;0&quot;,&quot;credit&quot;:&quot;&quot;,&quot;camera&quot;:&quot;&quot;,&quot;caption&quot;:&quot;&quot;,&quot;created_timestamp&quot;:&quot;0&quot;,&quot;copyright&quot;:&quot;&quot;,&quot;focal_length&quot;:&quot;0&quot;,&quot;iso&quot;:&quot;0&quot;,&quot;shutter_speed&quot;:&quot;0&quot;,&quot;title&quot;:&quot;&quot;}\" data-image-title=\"barcelona04\" data-image-description=\"\" data-image-caption=\"\" data-medium-file=\"https:\/\/i1.wp.com\/veracruzdemontilla.com\/wp-content\/uploads\/2013\/10\/barcelona04.jpg?fit=300%2C200\" data-large-file=\"https:\/\/i1.wp.com\/veracruzdemontilla.com\/wp-content\/uploads\/2013\/10\/barcelona04.jpg?fit=600%2C400\" loading=\"lazy\" class=\"aligncenter size-full wp-image-486\" alt=\"barcelona04\" src=\"https:\/\/i1.wp.com\/veracruzdemontilla.com\/wp-content\/uploads\/2013\/10\/barcelona04.jpg?resize=600%2C400\" width=\"600\" height=\"400\" srcset=\"https:\/\/i1.wp.com\/veracruzdemontilla.com\/wp-content\/uploads\/2013\/10\/barcelona04.jpg?w=600 600w, https:\/\/i1.wp.com\/veracruzdemontilla.com\/wp-content\/uploads\/2013\/10\/barcelona04.jpg?resize=300%2C200 300w\" sizes=\"(max-width: 600px) 100vw, 600px\" data-recalc-dims=\"1\" \/><\/a><\/p>\n<p style=\"text-align: justify;\">Con la presencia de las reliquias de\u00a0san Juan de \u00c1vila, los J\u00f3venes de San\u00a0Jos\u00e9 se marcaban dos objetivos: rogar\u00a0por la protecci\u00f3n y la santidad de todos\u00a0los sacerdotes, y realizar un acto\u00a0de caridad. \u00abQuer\u00edamos pedir por los\u00a0sacerdotes, para que sean \u00fanicamente\u00a0signo de Cristo y que no se signifiquen a\u00a0favor de otras tendencias, de otras ideolog\u00edas,\u00a0de otros pensamientos&#8230; que lo\u00a0que hacen es crear discordia y deformar\u00a0la doctrina cristiana\u00bb, comenta Marcos\u00a0Vera. Y a\u00f1ade: \u00abEn segundo lugar,\u00a0quer\u00edamos dar protagonismo a nuestros\u00a0hermanos m\u00e1s desfavorecidos, los\u00a0pobres, los necesitados, porque es una\u00a0manera de acercarnos a las personas\u00a0que m\u00e1s est\u00e1n sufriendo y que necesitan\u00a0ser amadas por Dios y sentirlo as\u00ed.\u00bb<\/p>\n","protected":false},"excerpt":{"rendered":"<p>El 10 de octubre las reliquias\u00a0de san Juan de \u00c1vila, entre ellas su coraz\u00f3n\u00a0incorrupto, han visitado las di\u00f3cesis\u00a0de Barcelona, Terrassa y Vic, gracias a\u00a0la iniciativa de la Asociaci\u00f3n J\u00f3venes\u00a0de San Jos\u00e9. Todo empez\u00f3 con el A\u00f1o\u00a0de la Fe convocado por Benedicto XVI. \u00a0La visita del patrono del clero secular espa\u00f1ol a Barcelona finaliz\u00f3 el dia [&#038;hellip<\/p>\n","protected":false},"author":1,"featured_media":487,"comment_status":"closed","ping_status":"open","sticky":false,"template":"","format":"standard","meta":{"advanced_seo_description":"","spay_email":"","jetpack_publicize_message":"","jetpack_is_tweetstorm":false},"categories":[5],"tags":[4],"jetpack_featured_media_url":"https:\/\/i2.wp.com\/veracruzdemontilla.com\/wp-content\/uploads\/2013\/10\/barcelona03.jpg?fit=600%2C400","jetpack_publicize_connections":[],"wpmagazine_modules_lite_featured_media_urls":{"thumbnail":["https:\/\/i2.wp.com\/veracruzdemontilla.com\/wp-content\/uploads\/2013\/10\/barcelona03.jpg?resize=150%2C150",150,150,true],"cvmm-medium":["https:\/\/i2.wp.com\/veracruzdemontilla.com\/wp-content\/uploads\/2013\/10\/barcelona03.jpg?resize=300%2C300",300,300,true],"cvmm-medium-plus":["https:\/\/i2.wp.com\/veracruzdemontilla.com\/wp-content\/uploads\/2013\/10\/barcelona03.jpg?resize=305%2C207",305,207,true],"cvmm-portrait":["https:\/\/i2.wp.com\/veracruzdemontilla.com\/wp-content\/uploads\/2013\/10\/barcelona03.jpg?resize=400%2C400",400,400,true],"cvmm-medium-square":["https:\/\/i2.wp.com\/veracruzdemontilla.com\/wp-content\/uploads\/2013\/10\/barcelona03.jpg?resize=600%2C400",600,400,true],"cvmm-large":["https:\/\/i2.wp.com\/veracruzdemontilla.com\/wp-content\/uploads\/2013\/10\/barcelona03.jpg?resize=600%2C400",600,400,true],"cvmm-small":["https:\/\/i2.wp.com\/veracruzdemontilla.com\/wp-content\/uploads\/2013\/10\/barcelona03.jpg?resize=130%2C95",130,95,true],"full":["https:\/\/i2.wp.com\/veracruzdemontilla.com\/wp-content\/uploads\/2013\/10\/barcelona03.jpg?fit=600%2C400",600,400,false]},"categories_names":{"5":{"name":"Actualidad","link":"http:\/\/veracruzdemontilla.com\/?cat=5"}},"tags_names":{"4":{"name":"Favoritos","link":"http:\/\/veracruzdemontilla.com\/?tag=favoritos"}},"comments_number":"0","jetpack_sharing_enabled":true,"jetpack_shortlink":"https:\/\/wp.me\/p9INPk-7N","jetpack_likes_enabled":true,"jetpack-related-posts":[{"id":507,"url":"http:\/\/veracruzdemontilla.com\/?p=507","url_meta":{"origin":483,"position":0},"title":"Clausuramos El A\u00f1o de la fe, con la fiesta de Cristo Rey del Universo","date":"24 noviembre, 2013","format":false,"excerpt":"\"No imagin\u00e1bamos que el A\u00f1o de la Fe diera tanto de s\u00ed. Cuando Dios nos anuncia una gracia nueva, hemos de abrirnos a la misma con toda esperanza, dispuestos a lo imprevisible.\u00a0Y lo imprevisible sucede. El A\u00f1o de la fe que clausuramos con la fiesta de Cristo Rey del Universo\u2026","rel":"","context":"En \u00abActualidad\u00bb","img":{"alt_text":"","src":"https:\/\/i1.wp.com\/veracruzdemontilla.com\/wp-content\/uploads\/2013\/11\/cristorey1.jpg?fit=640%2C427&resize=350%2C200","width":350,"height":200},"classes":[]},{"id":460,"url":"http:\/\/veracruzdemontilla.com\/?p=460","url_meta":{"origin":483,"position":1},"title":"El Vaticano prorroga hasta 2015 el A\u00f1o jubilar","date":"20 octubre, 2013","format":"video","excerpt":"El pasado 10 de octubre, la\u00a0Santa Sede\u00a0comunic\u00f3 al\u00a0obispo de C\u00f3rdoba, monse\u00f1or\u00a0Demetrio Fern\u00e1ndez, que prolongaba el\u00a0A\u00f1o Jubilar de San Juan de \u00c1vila\u00a0dos a\u00f1os m\u00e1s. \u00abSe trata de un hecho singular y poco habitual\u00bb, seg\u00fan explica en su web la Di\u00f3cesis de C\u00f3rdoba. As\u00ed,\u00a0Montilla\u00a0vivir\u00e1 un\u00a0Trienio Jubilar\u00a0como consecuencia de la declaraci\u00f3n, el pasado\u2026","rel":"","context":"En \u00abActualidad\u00bb","img":{"alt_text":"","src":"https:\/\/i2.wp.com\/veracruzdemontilla.com\/wp-content\/uploads\/2013\/10\/san-juan-avila-644-644x362.jpg?fit=644%2C362&resize=350%2C200","width":350,"height":200},"classes":[]},{"id":359,"url":"http:\/\/veracruzdemontilla.com\/?p=359","url_meta":{"origin":483,"position":2},"title":"San Juan de \u00c1vila, en su A\u00f1o Jubilar, que est\u00e1 acabando, \u00abha desbordado las previsiones\u00bb","date":"23 septiembre, 2013","format":false,"excerpt":"El obispo de C\u00f3rdoba, Demetrio Fern\u00e1ndez, considera que el A\u00f1o Jubilar dedicado a San Juan de \u00c1vila, santo predicador y maestros del siglo XVI, que concluye en octubre, \"ha demostrado\" que el Doctor de la Iglesia \"es un personaje de primer\u00edsima categor\u00eda, en la Iglesia y en la sociedad\". El\u2026","rel":"","context":"En \u00abActualidad\u00bb","img":{"alt_text":"","src":"https:\/\/i0.wp.com\/veracruzdemontilla.com\/wp-content\/uploads\/2013\/09\/demetrio.jpg?fit=827%2C519&resize=350%2C200","width":350,"height":200},"classes":[]},{"id":1208,"url":"http:\/\/veracruzdemontilla.com\/?p=1208","url_meta":{"origin":483,"position":3},"title":"Lugares donde se podr\u00e1 alcanzar el jubileo de la misericordia","date":"22 noviembre, 2015","format":false,"excerpt":"El Obispo ha dado a conocer los lugares donde los fieles podr\u00e1n lucrar la Indulgencia plenaria en el A\u00f1o de la Misericordia. Un jubileo que se iniciar\u00e1 el pr\u00f3ximo mes de diciembre. El pr\u00f3ximo mes de diciembre, desde el d\u00eda 8 hasta el 20 de noviembre de 2016, viviremos el\u2026","rel":"","context":"En \u00abActualidad\u00bb","img":{"alt_text":"","src":"https:\/\/i0.wp.com\/veracruzdemontilla.com\/wp-content\/uploads\/2015\/11\/basilica.jpg?fit=640%2C400&resize=350%2C200","width":350,"height":200},"classes":[]},{"id":1192,"url":"http:\/\/veracruzdemontilla.com\/?p=1192","url_meta":{"origin":483,"position":4},"title":"Clausura del Trienio Jubilar en honor de San Juan de \u00c1vila en Montilla","date":"14 octubre, 2015","format":false,"excerpt":"El pasado lunes, 12 de octubre, celebramos la clausura del Trienio Jubilar en honor de San Juan de \u00c1vila\u00a0despu\u00e9s de que el d\u00eda 7 de octubre de 2012 el Papa Benedicto XVI lo declarara Doctor de la Iglesia Universal, presentando al Doctor del Amor divino y del sacerdocio como paradigma\u2026","rel":"","context":"En \u00abActualidad\u00bb","img":{"alt_text":"","src":"https:\/\/i0.wp.com\/veracruzdemontilla.com\/wp-content\/uploads\/2015\/10\/MG_35101b.jpg?fit=640%2C400&resize=350%2C200","width":350,"height":200},"classes":[]},{"id":429,"url":"http:\/\/veracruzdemontilla.com\/?p=429","url_meta":{"origin":483,"position":5},"title":"Comienza el curso de formaci\u00f3n sobre San Juan de \u00c1vila para sacerdotes y seminaristas","date":"8 octubre, 2013","format":false,"excerpt":"Con motivo del primer aniversario del Doctorado de San Juan de \u00c1vila, se est\u00e1 celebrando el curso titulado \u201cIdentidad del presb\u00edtero diocesano secular, seg\u00fan san Juan de \u00c1vila\u201d. El pasado 7 de octubre, coincidiendo con el primer aniversario del nuevo Doctor de la Iglesia, comenz\u00f3 el curso de formaci\u00f3n espiritual\u2026","rel":"","context":"En \u00abActualidad\u00bb","img":{"alt_text":"","src":"https:\/\/i2.wp.com\/veracruzdemontilla.com\/wp-content\/uploads\/2013\/10\/curso-formacion-cordoba.jpg?fit=500%2C333&resize=350%2C200","width":350,"height":200},"classes":[]}],"_links":{"self":[{"href":"http:\/\/veracruzdemontilla.com\/index.php?rest_route=\/wp\/v2\/posts\/483"}],"collection":[{"href":"http:\/\/veracruzdemontilla.com\/index.php?rest_route=\/wp\/v2\/posts"}],"about":[{"href":"http:\/\/veracruzdemontilla.com\/index.php?rest_route=\/wp\/v2\/types\/post"}],"author":[{"embeddable":true,"href":"http:\/\/veracruzdemontilla.com\/index.php?rest_route=\/wp\/v2\/users\/1"}],"replies":[{"embeddable":true,"href":"http:\/\/veracruzdemontilla.com\/index.php?rest_route=%2Fwp%2Fv2%2Fcomments&post=483"}],"version-history":[{"count":1,"href":"http:\/\/veracruzdemontilla.com\/index.php?rest_route=\/wp\/v2\/posts\/483\/revisions"}],"predecessor-version":[{"id":488,"href":"http:\/\/veracruzdemontilla.com\/index.php?rest_route=\/wp\/v2\/posts\/483\/revisions\/488"}],"wp:featuredmedia":[{"embeddable":true,"href":"http:\/\/veracruzdemontilla.com\/index.php?rest_route=\/wp\/v2\/media\/487"}],"wp:attachment":[{"href":"http:\/\/veracruzdemontilla.com\/index.php?rest_route=%2Fwp%2Fv2%2Fmedia&parent=483"}],"wp:term":[{"taxonomy":"category","embeddable":true,"href":"http:\/\/veracruzdemontilla.com\/index.php?rest_route=%2Fwp%2Fv2%2Fcategories&post=483"},{"taxonomy":"post_tag","embeddable":true,"href":"http:\/\/veracruzdemontilla.com\/index.php?rest_route=%2Fwp%2Fv2%2Ftags&post=483"}],"curies":[{"name":"wp","href":"https:\/\/api.w.org\/{rel}","templated":true}]}}