{"id":477,"date":"2013-10-29T00:09:22","date_gmt":"2013-10-28T22:09:22","guid":{"rendered":"http:\/\/veracruzdemontilla.com\/?p=477"},"modified":"2013-10-29T00:09:22","modified_gmt":"2013-10-28T22:09:22","slug":"certamen-solidario-el-principio-de-un-sueno","status":"publish","type":"post","link":"http:\/\/veracruzdemontilla.com\/?p=477","title":{"rendered":"Certamen Solidario, \u00abEl Principio de un Sue\u00f1o\u00bb"},"content":{"rendered":"<p style=\"text-align: justify;\">Desde la Agrupaci\u00f3n Parroquial \u00abDulce Nombre\u00bb de Montilla y m\u00e1s concretamente de la Parroquia de Asunci\u00f3n del Barrio de las Casas Nuevas nos llega la informaci\u00f3n del Certamen de bandas solidario \u00abEL PRINCIPIO DE UN SUE\u00d1O\u00bb<\/p>\n<p style=\"text-align: justify;\">El certamen se realizara el pr\u00f3ximo d\u00eda 10 de Noviembre en las naves Municipales (antiguas naves de Ciatesa) y todos los beneficios ser\u00e1n destinados para ayudar a las reformas de la Parroquia de La Asunci\u00f3n. Como ocurriese hace ahora medio siglo, los vecinos de esta barriada emblem\u00e1tica de Montilla se pusieron manos a la obra y ladrillo a ladrillo levantaron la Iglesia, todos en la medida de lo posible ayudaron, algunos haciendo mezcla, otros llevando agua, incluso el p\u00e1rroco D. Antonio G\u00f3mez no tuvo reparo en quitarse la sotana para ayudar a la construcci\u00f3n de la Iglesia grande. Hoy se nos pide de nuevo arrimar el hombro y all\u00ed estaremos.<\/p>\n<div style=\"text-align: justify;\">[media id=12 width=600 height=400]<\/div>\n<div style=\"text-align: justify;\"><\/div>\n<p style=\"text-align: justify;\">Al ser de car\u00e1cter solidario se cobrar\u00e1 entrada con el precio simb\u00f3lico de 6 euros en venta anticipada y un euro m\u00e1s si se adquiere en taquilla.<\/p>\n<p style=\"text-align: justify;\">Desde aqu\u00ed invitar a todos nuestros seguidores y a todos los amantes de la m\u00fasica de Semana Santa para que asistan al concierto y as\u00ed,\u00a0dar todo nuestro apoyo a la Hermandad de la Santa Cena.<\/p>\n","protected":false},"excerpt":{"rendered":"<p>Desde la Agrupaci\u00f3n Parroquial \u00abDulce Nombre\u00bb de Montilla y m\u00e1s concretamente de la Parroquia de Asunci\u00f3n del Barrio de las Casas Nuevas nos llega la informaci\u00f3n del Certamen de bandas solidario \u00abEL PRINCIPIO DE UN SUE\u00d1O\u00bb El certamen se realizara el pr\u00f3ximo d\u00eda 10 de Noviembre en las naves Municipales (antiguas naves de Ciatesa) y [&#038;hellip<\/p>\n","protected":false},"author":1,"featured_media":479,"comment_status":"closed","ping_status":"open","sticky":false,"template":"","format":"video","meta":{"advanced_seo_description":"","spay_email":"","jetpack_publicize_message":"","jetpack_is_tweetstorm":false},"categories":[5],"tags":[4],"jetpack_featured_media_url":"https:\/\/i0.wp.com\/veracruzdemontilla.com\/wp-content\/uploads\/2013\/10\/santacena01.jpg?fit=720%2C574","jetpack_publicize_connections":[],"wpmagazine_modules_lite_featured_media_urls":{"thumbnail":["https:\/\/i0.wp.com\/veracruzdemontilla.com\/wp-content\/uploads\/2013\/10\/santacena01.jpg?resize=150%2C150",150,150,true],"cvmm-medium":["https:\/\/i0.wp.com\/veracruzdemontilla.com\/wp-content\/uploads\/2013\/10\/santacena01.jpg?resize=300%2C300",300,300,true],"cvmm-medium-plus":["https:\/\/i0.wp.com\/veracruzdemontilla.com\/wp-content\/uploads\/2013\/10\/santacena01.jpg?resize=305%2C207",305,207,true],"cvmm-portrait":["https:\/\/i0.wp.com\/veracruzdemontilla.com\/wp-content\/uploads\/2013\/10\/santacena01.jpg?resize=400%2C574",400,574,true],"cvmm-medium-square":["https:\/\/i0.wp.com\/veracruzdemontilla.com\/wp-content\/uploads\/2013\/10\/santacena01.jpg?resize=600%2C574",600,574,true],"cvmm-large":["https:\/\/i0.wp.com\/veracruzdemontilla.com\/wp-content\/uploads\/2013\/10\/santacena01.jpg?resize=720%2C574",720,574,true],"cvmm-small":["https:\/\/i0.wp.com\/veracruzdemontilla.com\/wp-content\/uploads\/2013\/10\/santacena01.jpg?resize=130%2C95",130,95,true],"full":["https:\/\/i0.wp.com\/veracruzdemontilla.com\/wp-content\/uploads\/2013\/10\/santacena01.jpg?fit=720%2C574",720,574,false]},"categories_names":{"5":{"name":"Actualidad","link":"http:\/\/veracruzdemontilla.com\/?cat=5"}},"tags_names":{"4":{"name":"Favoritos","link":"http:\/\/veracruzdemontilla.com\/?tag=favoritos"}},"comments_number":"0","jetpack_sharing_enabled":true,"jetpack_shortlink":"https:\/\/wp.me\/p9INPk-7H","jetpack_likes_enabled":true,"jetpack-related-posts":[{"id":23,"url":"http:\/\/veracruzdemontilla.com\/?p=23","url_meta":{"origin":477,"position":0},"title":"Besamanos Solidario &#8211; 8 diciembre","date":"5 diciembre, 2012","format":false,"excerpt":"La Agrupaci\u00f3n de Cofrad\u00edas de Montilla con motivo de la festividad de la Inmaculada Concepci\u00f3n de Mar\u00eda ha promovido la realizaci\u00f3n de un Besamanos General Solidario, el pr\u00f3ximo s\u00e1bado 8 de diciembre.En esta fiesta mariana permanecer\u00e1n expuestas en devoto besamanos todas las im\u00e1genes marianas cotitulares de las cofrad\u00edas y hermandades\u2026","rel":"","context":"En \u00abSin categor\u00eda\u00bb","img":{"alt_text":"","src":"","width":0,"height":0},"classes":[]},{"id":537,"url":"http:\/\/veracruzdemontilla.com\/?p=537","url_meta":{"origin":477,"position":1},"title":"Festividad de la Inmaculada Concepci\u00f3n","date":"6 diciembre, 2013","format":false,"excerpt":"Como ya es sabido por todos, por iniciativa de la Agrupaci\u00f3n de Cofrad\u00edas de Montilla, las Hermandades y Agrupaciones Parroquiales de nuestra ciudad, el pr\u00f3ximo d\u00eda 8 de diciembre se \u00a0expondr\u00e1n en Solemne y Devoto Besamanos Extraordinario y Solidario a todas las V\u00edrgenes de las distintas Cofrad\u00edas. Por ello, se\u2026","rel":"","context":"En \u00abActualidad\u00bb","img":{"alt_text":"","src":"https:\/\/i2.wp.com\/veracruzdemontilla.com\/wp-content\/uploads\/2013\/12\/inmaculada.jpg?fit=640%2C400&resize=350%2C200","width":350,"height":200},"classes":[]},{"id":2360,"url":"http:\/\/veracruzdemontilla.com\/?p=2360","url_meta":{"origin":477,"position":2},"title":"El Cristo de Zacatecas y la Virgen del Socorro har\u00e1n su salida desde la Santa Iglesia Catedral","date":"5 junio, 2025","format":false,"excerpt":"El Santo Cristo de Zacatecas y Santa Mar\u00eda del Socorro, Madre de Dios y Se\u00f1ora Nuestra, titulares de la Cofrad\u00eda Penitencial de la Santa Vera Cruz, har\u00e1n su salida procesional desde la Santa Iglesia Catedral de C\u00f3rdoba, templo dedicado a Nuestra Se\u00f1ora de la Asunci\u00f3n que es cabeza y madre\u2026","rel":"","context":"En \u00abActualidad\u00bb","img":{"alt_text":"","src":"https:\/\/i0.wp.com\/veracruzdemontilla.com\/wp-content\/uploads\/2025\/06\/WhatsApp-Image-2025-06-05-at-09.28.45.jpeg?fit=900%2C1200&resize=350%2C200","width":350,"height":200},"classes":[]},{"id":711,"url":"http:\/\/veracruzdemontilla.com\/?p=711","url_meta":{"origin":477,"position":3},"title":"Reapertura de la parroquia de Santiago de Montilla","date":"9 abril, 2014","format":false,"excerpt":"El Obispo de C\u00f3rdoba, don Demetrio Fern\u00e1ndez, presidir\u00e1 hoy mi\u00e9rcoles 9 de abril, a las 20:00 horas\u00a0la misa de acci\u00f3n de gracias que tendr\u00e1 lugar en la parroquia de Santiago de nuestra ciudad, la cual ha permanecido en obras desde el pasado a\u00f1o. Unas obras con las que se ha\u2026","rel":"","context":"En \u00abActualidad\u00bb","img":{"alt_text":"","src":"https:\/\/i2.wp.com\/veracruzdemontilla.com\/wp-content\/uploads\/2014\/04\/galeria013.jpg?fit=640%2C400&resize=350%2C200","width":350,"height":200},"classes":[]},{"id":260,"url":"http:\/\/veracruzdemontilla.com\/?p=260","url_meta":{"origin":477,"position":4},"title":"Visitas nocturnas a la Parroquia de Santiago","date":"19 julio, 2013","format":false,"excerpt":"Ante el inminente comienzo de las obras en la techumbre\u00a0 de la Parroquia de Santiago, el p\u00e1rroco Jos\u00e9 Almedina ha anunciado la puesta en marcha de una serie de actividades con el \u00fanico fin de poder sufragar los gastos econ\u00f3micos derivados de dichas obras. La primera iniciativa est\u00e1 relacionada con\u2026","rel":"","context":"En \u00abParroquia\u00bb","img":{"alt_text":"","src":"https:\/\/i1.wp.com\/veracruzdemontilla.com\/wp-content\/uploads\/2013\/07\/6599412527_dea7583404_z.jpg?fit=640%2C428&resize=350%2C200","width":350,"height":200},"classes":[]},{"id":1592,"url":"http:\/\/veracruzdemontilla.com\/?p=1592","url_meta":{"origin":477,"position":5},"title":"Visitas escolares a la Parroquia de Santiago &#8211; Viernes de Dolores","date":"8 abril, 2019","format":false,"excerpt":"Durante la ma\u00f1ana del pr\u00f3ximo Viernes de Dolores 12 de abril, la Parroquia Mayor de Santiago, sede can\u00f3nica de la Cofrad\u00eda Penitencial de la Santa Vera Cruz, permanecer\u00e1 abierta al p\u00fablico en horario de 9.00\u00a0h a 14.00 h para recibir la visita de los centros educativos concertados de Montilla, Colegio\u2026","rel":"","context":"En \u00abActualidad\u00bb","img":{"alt_text":"","src":"https:\/\/i2.wp.com\/veracruzdemontilla.com\/wp-content\/uploads\/2019\/04\/Noticia-Viernes-Dolores.jpg?fit=1200%2C799&resize=350%2C200","width":350,"height":200},"classes":[]}],"_links":{"self":[{"href":"http:\/\/veracruzdemontilla.com\/index.php?rest_route=\/wp\/v2\/posts\/477"}],"collection":[{"href":"http:\/\/veracruzdemontilla.com\/index.php?rest_route=\/wp\/v2\/posts"}],"about":[{"href":"http:\/\/veracruzdemontilla.com\/index.php?rest_route=\/wp\/v2\/types\/post"}],"author":[{"embeddable":true,"href":"http:\/\/veracruzdemontilla.com\/index.php?rest_route=\/wp\/v2\/users\/1"}],"replies":[{"embeddable":true,"href":"http:\/\/veracruzdemontilla.com\/index.php?rest_route=%2Fwp%2Fv2%2Fcomments&post=477"}],"version-history":[{"count":3,"href":"http:\/\/veracruzdemontilla.com\/index.php?rest_route=\/wp\/v2\/posts\/477\/revisions"}],"predecessor-version":[{"id":481,"href":"http:\/\/veracruzdemontilla.com\/index.php?rest_route=\/wp\/v2\/posts\/477\/revisions\/481"}],"wp:featuredmedia":[{"embeddable":true,"href":"http:\/\/veracruzdemontilla.com\/index.php?rest_route=\/wp\/v2\/media\/479"}],"wp:attachment":[{"href":"http:\/\/veracruzdemontilla.com\/index.php?rest_route=%2Fwp%2Fv2%2Fmedia&parent=477"}],"wp:term":[{"taxonomy":"category","embeddable":true,"href":"http:\/\/veracruzdemontilla.com\/index.php?rest_route=%2Fwp%2Fv2%2Fcategories&post=477"},{"taxonomy":"post_tag","embeddable":true,"href":"http:\/\/veracruzdemontilla.com\/index.php?rest_route=%2Fwp%2Fv2%2Ftags&post=477"}],"curies":[{"name":"wp","href":"https:\/\/api.w.org\/{rel}","templated":true}]}}