{"id":473,"date":"2013-10-26T17:54:25","date_gmt":"2013-10-26T15:54:25","guid":{"rendered":"http:\/\/veracruzdemontilla.com\/?p=473"},"modified":"2013-10-26T17:55:01","modified_gmt":"2013-10-26T15:55:01","slug":"473","status":"publish","type":"post","link":"http:\/\/veracruzdemontilla.com\/?p=473","title":{"rendered":"El Museo Garnelo acoge de forma temporal el \u2018Apostolado\u2019 de la Parroquia de Santiago"},"content":{"rendered":"<p style=\"text-align: justify;\">La Casa de las Aguas, sede del Museo Garnelo, acoge desde ayer el Apostolado de Jos\u00e9 Garnelo y Alda que adorna los muros de la Parroquia de Santiago desde 1934. Las obras que se vienen realizando en el templo montillano desde hace algunos meses han dado pie a que los Amigos del Museo Garnelo restauren los cuadros y los presenten en esta exposici\u00f3n temporal antes de volver a la iglesia a finales de a\u00f1o.<\/p>\n<p>Jos\u00e9 Garnelo, como creyente convencido y como artista consumado, nos dej\u00f3 con este Apostolado, que puede ser calificado el mejor de los realizados en el siglo XX y uno de los m\u00e1s destacados de la historia de la pintura espa\u00f1ola, un sincero y apasionado testimonio de su fe, en un momento hist\u00f3rico comprometido y dif\u00edcil.<\/p>\n<p style=\"text-align: justify;\">Garnelo ejecuta estas obras magistrales en 1929, aunque ya hab\u00eda presentado en 1922 su magn\u00edfico Santiago el Menor en la Biennale di Venezia. Las conserva, seguramente en su estudio madrile\u00f1o, de donde salen para ser exhibidas en la \u00faltima magna exposici\u00f3n que protagoniz\u00f3 el maestro en vida, en el C\u00edrculo de Bellas Artes de Madrid, durante la primavera de 1934. En el cat\u00e1logo editado para esa exposici\u00f3n, el pintor se refiere al \u201cApostolado destinado a la Iglesia Parroquial de Santiago de Montilla\u201d y pocos meses m\u00e1s tarde, con ocasi\u00f3n de la boda de su sobrina Josefina Garnelo Gallego, se exhiben, por vez primera, situados en su ubicaci\u00f3n en el templo de la Escuchuela.<\/p>\n<p style=\"text-align: justify;\">Jos\u00e9 Garnelo que, como expresa inequ\u00edvocamente en el texto que acompa\u00f1a al cat\u00e1logo citado, cree en el valor esencial del \u201cs\u00edmbolo\u201d y busca la \u201cpersonalidad espiritual que vive y vivir\u00e1 en el transcurso de los tiempos\u201d, coloca sus cuadros en las columnas que sostienen el templo, as\u00ed como los Ap\u00f3stoles son columnas de la Iglesia, siguiendo ese sentido simb\u00f3lico tan grato al maestro.<\/p>\n<p style=\"text-align: justify;\">Garnelo ha resuelto con una pincelada brillante cada uno de los ap\u00f3stoles, dot\u00e1ndolos de vida propia, recurriendo a distintas formas de composici\u00f3n y de iluminaci\u00f3n que hace de cada pintura una obra enteramente personal y maestra. A la hora de representar a los doce ap\u00f3stoles se ha seleccionado a San Pablo en lugar de San Mat\u00edas, a la vez que \u00e9ste sustitu\u00eda a Judas Iscariote. En muchos casos ha tomado modelos directamente del natural o ha buscado inspiraci\u00f3n en otras fuentes.<\/p>\n<p>Desde 1934 s\u00f3lo alguno de los ap\u00f3stoles ha abandonado el templo parroquial para estar presente en determinada muestra de arte religioso. En esta exposici\u00f3n excepcional se podr\u00e1 admirar el \u201cApostolado\u201d completo, tras una restauraci\u00f3n, limpieza y consolidaci\u00f3n de los lienzos por parte de Rafael Portero de\u00a0 la Torre.<\/p>\n<p>En la inauguraci\u00f3n de la exposici\u00f3n, Federico Cabello de Alba, alcalde montillano, agradeci\u00f3 \u201cla colaboraci\u00f3n siempre fiel de los Amigos del Museo Garnelo en la conservaci\u00f3n del patrimonio art\u00edstico montillano, del que forman parte estos doce cuadros de Garnelo ya limpios y restaurados gracias a la financiaci\u00f3n de este colectivo, con la aportaci\u00f3n en esta ocasi\u00f3n del Casino Montillano\u201d. Cabello de Alba defini\u00f3 \u201ccasi una obligaci\u00f3n para los montillanos\u201d visitar esta exposici\u00f3n temporal que \u201cnos permite ver de cerca y disfrutar estos cuadros como no podemos hacerlo en la Parroquia de Santiago por su ubicaci\u00f3n\u201d.<\/p>\n<p>Para el director de la Casa de las Aguas, Jos\u00e9 Antonio Cerezo, \u201cla restauraci\u00f3n del Apostolado de Jos\u00e9 Garnelo era una asignatura pendiente que ten\u00edamos los montillanos\u201d, recordando \u201clo que luch\u00f3, sin \u00e9xito, por su conservaci\u00f3n el arcipreste don Antonio Le\u00f3n, hace cincuenta a\u00f1os\u201d.<\/p>\n<p style=\"text-align: justify;\">La exposici\u00f3n estar\u00e1 abierta al p\u00fablico hasta el 25 de diciembre y se podr\u00e1 visitar en el horario habitual del Museo Garnelo, de martes a s\u00e1bado de 11.30 a 13.30 y de 17.30 a 19.30 y los domingos de 11.30 a 13.30.<\/p>\n","protected":false},"excerpt":{"rendered":"<p>La Casa de las Aguas, sede del Museo Garnelo, acoge desde ayer el Apostolado de Jos\u00e9 Garnelo y Alda que adorna los muros de la Parroquia de Santiago desde 1934. Las obras que se vienen realizando en el templo montillano desde hace algunos meses han dado pie a que los Amigos del Museo Garnelo restauren [&#038;hellip<\/p>\n","protected":false},"author":1,"featured_media":474,"comment_status":"closed","ping_status":"open","sticky":false,"template":"","format":"standard","meta":{"advanced_seo_description":"","spay_email":"","jetpack_publicize_message":"","jetpack_is_tweetstorm":false},"categories":[5],"tags":[],"jetpack_featured_media_url":"https:\/\/i2.wp.com\/veracruzdemontilla.com\/wp-content\/uploads\/2013\/10\/13-10-26_santiago_1.jpg?fit=610%2C455","jetpack_publicize_connections":[],"wpmagazine_modules_lite_featured_media_urls":{"thumbnail":["https:\/\/i2.wp.com\/veracruzdemontilla.com\/wp-content\/uploads\/2013\/10\/13-10-26_santiago_1.jpg?resize=150%2C150",150,150,true],"cvmm-medium":["https:\/\/i2.wp.com\/veracruzdemontilla.com\/wp-content\/uploads\/2013\/10\/13-10-26_santiago_1.jpg?resize=300%2C300",300,300,true],"cvmm-medium-plus":["https:\/\/i2.wp.com\/veracruzdemontilla.com\/wp-content\/uploads\/2013\/10\/13-10-26_santiago_1.jpg?resize=305%2C207",305,207,true],"cvmm-portrait":["https:\/\/i2.wp.com\/veracruzdemontilla.com\/wp-content\/uploads\/2013\/10\/13-10-26_santiago_1.jpg?resize=400%2C455",400,455,true],"cvmm-medium-square":["https:\/\/i2.wp.com\/veracruzdemontilla.com\/wp-content\/uploads\/2013\/10\/13-10-26_santiago_1.jpg?resize=600%2C455",600,455,true],"cvmm-large":["https:\/\/i2.wp.com\/veracruzdemontilla.com\/wp-content\/uploads\/2013\/10\/13-10-26_santiago_1.jpg?resize=610%2C455",610,455,true],"cvmm-small":["https:\/\/i2.wp.com\/veracruzdemontilla.com\/wp-content\/uploads\/2013\/10\/13-10-26_santiago_1.jpg?resize=130%2C95",130,95,true],"full":["https:\/\/i2.wp.com\/veracruzdemontilla.com\/wp-content\/uploads\/2013\/10\/13-10-26_santiago_1.jpg?fit=610%2C455",610,455,false]},"categories_names":{"5":{"name":"Actualidad","link":"http:\/\/veracruzdemontilla.com\/?cat=5"}},"tags_names":[],"comments_number":"0","jetpack_sharing_enabled":true,"jetpack_shortlink":"https:\/\/wp.me\/s9INPk-473","jetpack_likes_enabled":true,"jetpack-related-posts":[{"id":571,"url":"http:\/\/veracruzdemontilla.com\/?p=571","url_meta":{"origin":473,"position":0},"title":"A la venta un calendario ben\u00e9fico que recopila el apostolado de Jos\u00e9 Garnelo","date":"13 diciembre, 2013","format":false,"excerpt":"Con motivo de las obras de remodelaci\u00f3n de la Parroquia de Santiago el Apostolado, obra de Jos\u00e9 Garnelo, ha sido recientemente restaurado y se exhibe temporalmente al p\u00fablico en el patio de la Casa de las Aguas, dentro de la pinacoteca dedicada al genial artista montillano. \u00a0 \u00a0(Ver Entrada) Las\u2026","rel":"","context":"En \u00abActualidad\u00bb","img":{"alt_text":"","src":"https:\/\/i2.wp.com\/veracruzdemontilla.com\/wp-content\/uploads\/2013\/12\/calendario_apostolado.jpg?fit=640%2C480&resize=350%2C200","width":350,"height":200},"classes":[]},{"id":639,"url":"http:\/\/veracruzdemontilla.com\/?p=639","url_meta":{"origin":473,"position":1},"title":"Conferencia sobre la restauraci\u00f3n del Apostolado de Jos\u00e9 Garnelo y Alda","date":"27 febrero, 2014","format":false,"excerpt":"Hoy jueves 27 de febrero, a las 20,30 hrs., tendr\u00e1 lugar en el patio interior del Museo Garnelo (Casa de las Aguas) una conferencia a cargo del Secretario de nuestra Cofrad\u00eda,\u00a0Rafael Portero de la Torre, Conservador-Restaurador de Bienes Culturales, con el t\u00edtulo: \u201cLa restauraci\u00f3n del Apostolado de Garnelo\u201d. En la\u2026","rel":"","context":"En \u00abActualidad\u00bb","img":{"alt_text":"","src":"https:\/\/i0.wp.com\/veracruzdemontilla.com\/wp-content\/uploads\/2014\/02\/rafaelportero.jpg?fit=640%2C400&resize=350%2C200","width":350,"height":200},"classes":[]},{"id":2555,"url":"http:\/\/veracruzdemontilla.com\/?p=2555","url_meta":{"origin":473,"position":2},"title":"La Cofrad\u00eda engrandece su patrimonio con una serie pict\u00f3rica inspirada en el Apostolado de Jos\u00e9 Garnelo","date":"24 febrero, 2026","format":false,"excerpt":"[Fotos: Chema G. M\u00e1rmol] La Cofrad\u00eda de la Vera Cruz de Montilla ha culminado un proyecto art\u00edstico destacado: la realizaci\u00f3n de doce cartelas que reproducen los ap\u00f3stoles pintados por Jos\u00e9 Garnelo para la Parroquia de Santiago. El trabajo ha sido ejecutado por la artista Inmaculada Navarro Polonio, quien recibi\u00f3 el\u2026","rel":"","context":"En \u00abActualidad\u00bb","img":{"alt_text":"","src":"https:\/\/i0.wp.com\/veracruzdemontilla.com\/wp-content\/uploads\/2026\/02\/20260222-FiestaDe-Regla-12.jpg?fit=1200%2C800&resize=350%2C200","width":350,"height":200},"classes":[]},{"id":260,"url":"http:\/\/veracruzdemontilla.com\/?p=260","url_meta":{"origin":473,"position":3},"title":"Visitas nocturnas a la Parroquia de Santiago","date":"19 julio, 2013","format":false,"excerpt":"Ante el inminente comienzo de las obras en la techumbre\u00a0 de la Parroquia de Santiago, el p\u00e1rroco Jos\u00e9 Almedina ha anunciado la puesta en marcha de una serie de actividades con el \u00fanico fin de poder sufragar los gastos econ\u00f3micos derivados de dichas obras. La primera iniciativa est\u00e1 relacionada con\u2026","rel":"","context":"En \u00abParroquia\u00bb","img":{"alt_text":"","src":"https:\/\/i1.wp.com\/veracruzdemontilla.com\/wp-content\/uploads\/2013\/07\/6599412527_dea7583404_z.jpg?fit=640%2C428&resize=350%2C200","width":350,"height":200},"classes":[]},{"id":2541,"url":"http:\/\/veracruzdemontilla.com\/?p=2541","url_meta":{"origin":473,"position":4},"title":"El solemne quinario abre las puertas a la cuaresma","date":"24 febrero, 2026","format":false,"excerpt":"Un a\u00f1o m\u00e1s la Cofrad\u00eda Penitencial de la Santa Vera Cruz ha celebrado el solemne quinario en honor al Santo Cristo de Zacatecas y Santa Mar\u00eda del Socorro.As\u00ed, este pasado 18 de febrero, Mi\u00e9rcoles de Ceniza, con el inicio del quinario, se cumplieron veinticinco a\u00f1os desde que la devoci\u00f3n crucera\u2026","rel":"","context":"En \u00abActualidad\u00bb","img":{"alt_text":"","src":"https:\/\/i2.wp.com\/veracruzdemontilla.com\/wp-content\/uploads\/2026\/02\/20260222-FiestaDe-Regla-18.jpg?fit=1200%2C800&resize=350%2C200","width":350,"height":200},"classes":[]},{"id":267,"url":"http:\/\/veracruzdemontilla.com\/?p=267","url_meta":{"origin":473,"position":5},"title":"El Teatro Garnelo acoger\u00e1 el musical \u201cEl Rey Le\u00f3n\u201d, tras su \u00e9xito de verano","date":"7 agosto, 2013","format":false,"excerpt":"La Compa\u00f1\u00eda Juvenil de Teatro \"Padre Santiago Gass\u00edn\" del colegio salesiano de Rota, se subir\u00e1 a las tablas del Teatro Garnelo el pr\u00f3ximo s\u00e1bado 5 de octubre para representar su exitosa obra \"El Rey Le\u00f3n\". Un montaje musical del que ya se est\u00e1 disfrutando este verano con bastante \u00e9xito de\u2026","rel":"","context":"En \u00abActualidad\u00bb","img":{"alt_text":"","src":"https:\/\/i0.wp.com\/veracruzdemontilla.com\/wp-content\/uploads\/2013\/08\/rey_leon1.jpg?fit=656%2C411&resize=350%2C200","width":350,"height":200},"classes":[]}],"_links":{"self":[{"href":"http:\/\/veracruzdemontilla.com\/index.php?rest_route=\/wp\/v2\/posts\/473"}],"collection":[{"href":"http:\/\/veracruzdemontilla.com\/index.php?rest_route=\/wp\/v2\/posts"}],"about":[{"href":"http:\/\/veracruzdemontilla.com\/index.php?rest_route=\/wp\/v2\/types\/post"}],"author":[{"embeddable":true,"href":"http:\/\/veracruzdemontilla.com\/index.php?rest_route=\/wp\/v2\/users\/1"}],"replies":[{"embeddable":true,"href":"http:\/\/veracruzdemontilla.com\/index.php?rest_route=%2Fwp%2Fv2%2Fcomments&post=473"}],"version-history":[{"count":2,"href":"http:\/\/veracruzdemontilla.com\/index.php?rest_route=\/wp\/v2\/posts\/473\/revisions"}],"predecessor-version":[{"id":476,"href":"http:\/\/veracruzdemontilla.com\/index.php?rest_route=\/wp\/v2\/posts\/473\/revisions\/476"}],"wp:featuredmedia":[{"embeddable":true,"href":"http:\/\/veracruzdemontilla.com\/index.php?rest_route=\/wp\/v2\/media\/474"}],"wp:attachment":[{"href":"http:\/\/veracruzdemontilla.com\/index.php?rest_route=%2Fwp%2Fv2%2Fmedia&parent=473"}],"wp:term":[{"taxonomy":"category","embeddable":true,"href":"http:\/\/veracruzdemontilla.com\/index.php?rest_route=%2Fwp%2Fv2%2Fcategories&post=473"},{"taxonomy":"post_tag","embeddable":true,"href":"http:\/\/veracruzdemontilla.com\/index.php?rest_route=%2Fwp%2Fv2%2Ftags&post=473"}],"curies":[{"name":"wp","href":"https:\/\/api.w.org\/{rel}","templated":true}]}}