{"id":468,"date":"2013-10-22T09:51:07","date_gmt":"2013-10-22T07:51:07","guid":{"rendered":"http:\/\/veracruzdemontilla.com\/?p=468"},"modified":"2013-10-22T09:51:07","modified_gmt":"2013-10-22T07:51:07","slug":"una-visita-llegada-desde-zacatecas","status":"publish","type":"post","link":"http:\/\/veracruzdemontilla.com\/?p=468","title":{"rendered":"Una visita llegada desde Zacatecas"},"content":{"rendered":"<p style=\"text-align: justify;\">El pasado d\u00eda 4 de octubre tuvimos el honor de recibir la visita de una familia de la ciudad de Zacatecas (M\u00e9xico), que se acerc\u00f3 hasta Montilla con la intenci\u00f3n de conocer la imagen de nuestro titular.<\/p>\n<p style=\"text-align: justify;\">Ricardo T\u00e9llez Fern\u00e1ndez, junto con su esposa y sus dos hijos, y acompa\u00f1ados por algunos familiares y amigos m\u00e1s, visitaron la Parroquia de Santiago y se interesaron, no solo por la escultura del Cristo de Zacatecas, sino tambi\u00e9n por todo lo relativo a las actividades de nuestra Cofrad\u00eda.<\/p>\n<p style=\"text-align: justify;\"><a href=\"https:\/\/i0.wp.com\/veracruzdemontilla.com\/wp-content\/uploads\/2013\/10\/DSC_3145.jpg\"><img data-attachment-id=\"469\" data-permalink=\"http:\/\/veracruzdemontilla.com\/?attachment_id=469\" data-orig-file=\"https:\/\/i0.wp.com\/veracruzdemontilla.com\/wp-content\/uploads\/2013\/10\/DSC_3145.jpg?fit=1553%2C2237\" data-orig-size=\"1553,2237\" data-comments-opened=\"0\" data-image-meta=\"{&quot;aperture&quot;:&quot;5&quot;,&quot;credit&quot;:&quot;&quot;,&quot;camera&quot;:&quot;NIKON D5100&quot;,&quot;caption&quot;:&quot;&quot;,&quot;created_timestamp&quot;:&quot;1380714443&quot;,&quot;copyright&quot;:&quot;&quot;,&quot;focal_length&quot;:&quot;34&quot;,&quot;iso&quot;:&quot;3200&quot;,&quot;shutter_speed&quot;:&quot;0.066666666666667&quot;,&quot;title&quot;:&quot;&quot;}\" data-image-title=\"DSC_3145\" data-image-description=\"\" data-image-caption=\"\" data-medium-file=\"https:\/\/i0.wp.com\/veracruzdemontilla.com\/wp-content\/uploads\/2013\/10\/DSC_3145.jpg?fit=208%2C300\" data-large-file=\"https:\/\/i0.wp.com\/veracruzdemontilla.com\/wp-content\/uploads\/2013\/10\/DSC_3145.jpg?fit=710%2C1024\" loading=\"lazy\" class=\"aligncenter size-full wp-image-469\" alt=\"DSC_3145\" src=\"https:\/\/i0.wp.com\/veracruzdemontilla.com\/wp-content\/uploads\/2013\/10\/DSC_3145.jpg?resize=500%2C750\" width=\"500\" height=\"750\" srcset=\"https:\/\/i0.wp.com\/veracruzdemontilla.com\/wp-content\/uploads\/2013\/10\/DSC_3145.jpg?zoom=2&amp;resize=500%2C750 1000w, https:\/\/i0.wp.com\/veracruzdemontilla.com\/wp-content\/uploads\/2013\/10\/DSC_3145.jpg?zoom=3&amp;resize=500%2C750 1500w\" sizes=\"(max-width: 500px) 100vw, 500px\" data-recalc-dims=\"1\" \/><\/a><\/p>\n<p style=\"text-align: justify;\">Ricardo, que pertenece a una hermandad en Zacatecas, nos explic\u00f3 la situaci\u00f3n del movimiento cofrade en M\u00e9xico, que \u00faltimamente est\u00e1 resurgiendo despu\u00e9s de a\u00f1os de prohibici\u00f3n, y para el que la Semana Santa de nuestra tierra es un modelo a seguir. Tambi\u00e9n nos expres\u00f3 su deseo de establecer v\u00ednculos entre su Hermandad y la nuestra y entre Zacatecas y Montilla.<\/p>\n","protected":false},"excerpt":{"rendered":"<p>El pasado d\u00eda 4 de octubre tuvimos el honor de recibir la visita de una familia de la ciudad de Zacatecas (M\u00e9xico), que se acerc\u00f3 hasta Montilla con la intenci\u00f3n de conocer la imagen de nuestro titular. Ricardo T\u00e9llez Fern\u00e1ndez, junto con su esposa y sus dos hijos, y acompa\u00f1ados por algunos familiares y amigos [&#038;hellip<\/p>\n","protected":false},"author":1,"featured_media":470,"comment_status":"closed","ping_status":"open","sticky":false,"template":"","format":"standard","meta":{"advanced_seo_description":"","spay_email":"","jetpack_publicize_message":"","jetpack_is_tweetstorm":false},"categories":[5],"tags":[4],"jetpack_featured_media_url":"https:\/\/i2.wp.com\/veracruzdemontilla.com\/wp-content\/uploads\/2013\/10\/DSC_3138.jpg?fit=2464%2C1632","jetpack_publicize_connections":[],"wpmagazine_modules_lite_featured_media_urls":{"thumbnail":["https:\/\/i2.wp.com\/veracruzdemontilla.com\/wp-content\/uploads\/2013\/10\/DSC_3138.jpg?resize=150%2C150",150,150,true],"cvmm-medium":["https:\/\/i2.wp.com\/veracruzdemontilla.com\/wp-content\/uploads\/2013\/10\/DSC_3138.jpg?resize=300%2C300",300,300,true],"cvmm-medium-plus":["https:\/\/i2.wp.com\/veracruzdemontilla.com\/wp-content\/uploads\/2013\/10\/DSC_3138.jpg?resize=305%2C207",305,207,true],"cvmm-portrait":["https:\/\/i2.wp.com\/veracruzdemontilla.com\/wp-content\/uploads\/2013\/10\/DSC_3138.jpg?resize=400%2C600",400,600,true],"cvmm-medium-square":["https:\/\/i2.wp.com\/veracruzdemontilla.com\/wp-content\/uploads\/2013\/10\/DSC_3138.jpg?resize=600%2C600",600,600,true],"cvmm-large":["https:\/\/i2.wp.com\/veracruzdemontilla.com\/wp-content\/uploads\/2013\/10\/DSC_3138.jpg?resize=1024%2C1024",1024,1024,true],"cvmm-small":["https:\/\/i2.wp.com\/veracruzdemontilla.com\/wp-content\/uploads\/2013\/10\/DSC_3138.jpg?resize=130%2C95",130,95,true],"full":["https:\/\/i2.wp.com\/veracruzdemontilla.com\/wp-content\/uploads\/2013\/10\/DSC_3138.jpg?fit=2464%2C1632",2464,1632,false]},"categories_names":{"5":{"name":"Actualidad","link":"http:\/\/veracruzdemontilla.com\/?cat=5"}},"tags_names":{"4":{"name":"Favoritos","link":"http:\/\/veracruzdemontilla.com\/?tag=favoritos"}},"comments_number":"0","jetpack_sharing_enabled":true,"jetpack_shortlink":"https:\/\/wp.me\/p9INPk-7y","jetpack_likes_enabled":true,"jetpack-related-posts":[{"id":1663,"url":"http:\/\/veracruzdemontilla.com\/?p=1663","url_meta":{"origin":468,"position":0},"title":"Solemne misa con motivo del 445\u00ba aniversario del Santo Cristo de Zacatecas","date":"7 septiembre, 2021","format":false,"excerpt":"El pr\u00f3ximo viernes 10 de septiembre la Cofrad\u00eda de la Santa Vera Cruz dedicar\u00e1 una solemne misa al Santo Cristo de Zacatecas con motivo del 445\u00ba aniversario de la llegada de la imagen titular de la corporaci\u00f3n crucera a Montilla desde las tierras del Virreinato de Nueva Espa\u00f1a (actual M\u00e9xico).\u2026","rel":"","context":"En \u00abActualidad\u00bb","img":{"alt_text":"","src":"https:\/\/i0.wp.com\/veracruzdemontilla.com\/wp-content\/uploads\/2021\/09\/Cartel-445-aniversario.jpg?fit=848%2C1200&resize=350%2C200","width":350,"height":200},"classes":[]},{"id":2434,"url":"http:\/\/veracruzdemontilla.com\/?p=2434","url_meta":{"origin":468,"position":1},"title":"La Confraternidad de la Vera Cruz visita a nuestros titulares","date":"21 julio, 2025","format":false,"excerpt":"Una representaci\u00f3n institucional de la Confraternidad de Hermandades y Cofrad\u00edas de la Vera Cruz, encabezada por su vicepresidente D. Santiago Gallego, visit\u00f3 en la ma\u00f1ana del 20 de julio la Parroquia de Santiago Ap\u00f3stol, sede can\u00f3nica de la Vera Cruz de Montilla, para conocer de cerca la historia de nuestra\u2026","rel":"","context":"En \u00abConfraternidad\u00bb","img":{"alt_text":"","src":"https:\/\/i1.wp.com\/veracruzdemontilla.com\/wp-content\/uploads\/2025\/07\/Visita-20072025-1.jpeg?fit=739%2C1109&resize=350%2C200","width":350,"height":200},"classes":[]},{"id":789,"url":"http:\/\/veracruzdemontilla.com\/?p=789","url_meta":{"origin":468,"position":2},"title":"Leyendas de Zacatecas \u2013 Leyenda del Santo Cristo de Zacatecas","date":"4 mayo, 2014","format":false,"excerpt":"\"En los primeros siglos de vida de la ciudad de Zacatecas ya corr\u00eda de voz en voz un relato que ahora les vamos a contar y que fue escrito a principios del siglo XIX por un habitante de este lugar. Gracias a ese texto hoy podemos conocer el contenido de\u2026","rel":"","context":"En \u00abActualidad\u00bb","img":{"alt_text":"","src":"https:\/\/i0.wp.com\/veracruzdemontilla.com\/wp-content\/uploads\/2014\/05\/santocristozacatecas02.jpg?fit=640%2C400&resize=350%2C200","width":350,"height":200},"classes":[]},{"id":97,"url":"http:\/\/veracruzdemontilla.com\/?p=97","url_meta":{"origin":468,"position":3},"title":"Santo Cristo de Zacatecas","date":"25 octubre, 2009","format":false,"excerpt":"El Santo Cristo de Zacatecas es uno de los mejores exponentes del barroco colonial que llevaron los espa\u00f1oles a las Indias. De tama\u00f1o superior al acad\u00e9mico y con una altura de 210 cent\u00edmetros, la imagen est\u00e1 construida con una mezcla de fibras vegetales de ca\u00f1a de ma\u00edz y encolados.La imagen\u2026","rel":"","context":"En \u00abSin categor\u00eda\u00bb","img":{"alt_text":"","src":"","width":0,"height":0},"classes":[]},{"id":2514,"url":"http:\/\/veracruzdemontilla.com\/?p=2514","url_meta":{"origin":468,"position":4},"title":"El linaje Fern\u00e1ndez de Mesa sigue venerando al Cristo de Zacatecas","date":"28 noviembre, 2025","format":false,"excerpt":"El pasado mi\u00e9rcoles la Parroquia de Santiago, sede can\u00f3nica en la que se veneran nuestros Sagrados Titulares, recibi\u00f3 una ilusionante visita: la de un peque\u00f1o grupo procedente de Madrid, en el que se encontraba Miguel Rubira Fern\u00e1ndez de Mesa. La singularidad de la visita radica en que este cordob\u00e9s afincado\u2026","rel":"","context":"En \u00abActualidad\u00bb","img":{"alt_text":"","src":"https:\/\/i0.wp.com\/veracruzdemontilla.com\/wp-content\/uploads\/2025\/11\/2.jpg?fit=960%2C1200&resize=350%2C200","width":350,"height":200},"classes":[]},{"id":85,"url":"http:\/\/veracruzdemontilla.com\/?p=85","url_meta":{"origin":468,"position":5},"title":"La restauraci\u00f3n del Cristo","date":"3 enero, 2010","format":false,"excerpt":"La Casa Museo del Inca Garcilaso acogi\u00f3 el 17 de marzo de 2005 una interesante conferencia del restaurador canario Pablo Francisco Amador Marrero, considerado uno de los mayores especialistas en im\u00e1genes construidas con ca\u00f1a de ma\u00edz. El reconocido experto se desplaz\u00f3 a Montilla para hablar sobre el proceso de restauraci\u00f3n\u2026","rel":"","context":"En \u00abSin categor\u00eda\u00bb","img":{"alt_text":"","src":"","width":0,"height":0},"classes":[]}],"_links":{"self":[{"href":"http:\/\/veracruzdemontilla.com\/index.php?rest_route=\/wp\/v2\/posts\/468"}],"collection":[{"href":"http:\/\/veracruzdemontilla.com\/index.php?rest_route=\/wp\/v2\/posts"}],"about":[{"href":"http:\/\/veracruzdemontilla.com\/index.php?rest_route=\/wp\/v2\/types\/post"}],"author":[{"embeddable":true,"href":"http:\/\/veracruzdemontilla.com\/index.php?rest_route=\/wp\/v2\/users\/1"}],"replies":[{"embeddable":true,"href":"http:\/\/veracruzdemontilla.com\/index.php?rest_route=%2Fwp%2Fv2%2Fcomments&post=468"}],"version-history":[{"count":2,"href":"http:\/\/veracruzdemontilla.com\/index.php?rest_route=\/wp\/v2\/posts\/468\/revisions"}],"predecessor-version":[{"id":472,"href":"http:\/\/veracruzdemontilla.com\/index.php?rest_route=\/wp\/v2\/posts\/468\/revisions\/472"}],"wp:featuredmedia":[{"embeddable":true,"href":"http:\/\/veracruzdemontilla.com\/index.php?rest_route=\/wp\/v2\/media\/470"}],"wp:attachment":[{"href":"http:\/\/veracruzdemontilla.com\/index.php?rest_route=%2Fwp%2Fv2%2Fmedia&parent=468"}],"wp:term":[{"taxonomy":"category","embeddable":true,"href":"http:\/\/veracruzdemontilla.com\/index.php?rest_route=%2Fwp%2Fv2%2Fcategories&post=468"},{"taxonomy":"post_tag","embeddable":true,"href":"http:\/\/veracruzdemontilla.com\/index.php?rest_route=%2Fwp%2Fv2%2Ftags&post=468"}],"curies":[{"name":"wp","href":"https:\/\/api.w.org\/{rel}","templated":true}]}}