{"id":460,"date":"2013-10-20T16:39:04","date_gmt":"2013-10-20T14:39:04","guid":{"rendered":"http:\/\/veracruzdemontilla.com\/?p=460"},"modified":"2013-10-20T16:39:04","modified_gmt":"2013-10-20T14:39:04","slug":"el-vaticano-prorroga-hasta-2015-el-ano-jubilar","status":"publish","type":"post","link":"http:\/\/veracruzdemontilla.com\/?p=460","title":{"rendered":"El Vaticano prorroga hasta 2015 el A\u00f1o jubilar"},"content":{"rendered":"<p style=\"text-align: justify;\">El pasado 10 de octubre, la\u00a0<strong>Santa Sede<\/strong>\u00a0comunic\u00f3 al\u00a0<strong>obispo de C\u00f3rdoba<\/strong>, monse\u00f1or<strong>\u00a0Demetrio Fern\u00e1ndez<\/strong>, que prolongaba el\u00a0<strong>A\u00f1o Jubilar de San Juan de \u00c1vila<\/strong>\u00a0dos a\u00f1os m\u00e1s. \u00abSe trata de un hecho singular y poco habitual\u00bb, seg\u00fan explica en su web la Di\u00f3cesis de C\u00f3rdoba.<\/p>\n<p style=\"text-align: justify;\">As\u00ed,\u00a0<strong>Montilla\u00a0<\/strong>vivir\u00e1 un\u00a0<strong>Trienio Jubilar<\/strong>\u00a0como consecuencia de la declaraci\u00f3n, el pasado 7 de octubre de 2012, de San Juan de \u00c1vila como Doctor de la Iglesia Universal.<\/p>\n<p style=\"text-align: justify;\">En 2.000 a\u00f1os de historia de la Iglesia s\u00f3lo se ha concedido este \u00abt\u00edtulo\u00bb a 35 santos, de los que cuatro son espa\u00f1oles. Por lo tanto San Juan de \u00c1vila es el doctor de la Iglesia n\u00famero 34, el cuarto de Espa\u00f1a.<\/p>\n<p style=\"text-align: justify;\">[media id=11 width=600 height=400]<\/p>\n<p style=\"text-align: justify;\">Durante los pr\u00f3ximos dos a\u00f1os todos los peregrinos que se acerquen hasta la Bas\u00edlica Pontificia de San Juan de \u00c1vila en Montilla podr\u00e1n ganar la Gracia de la Indulgencia Plenaria con las condiciones propias.Hasta ahora\u00a0<strong>lo han hecho cerca de 60.000 peregrinos.<\/strong><\/p>\n<p style=\"text-align: justify;\">El 16 de diciembre de 2008,\u00a0<strong>Benedicto XVI<\/strong>, decidi\u00f3 otorgar a Montilla el A\u00f1o Jubilar para conmemorar el cuarto centenario de la muerte de San Francisco Solano, el patr\u00f3n de la localidad. Este evento comenz\u00f3 el 14 de julio del a\u00f1o siguiente y congreg\u00f3 a miles de peregrinos.<\/p>\n<p style=\"text-align: justify;\">Algo m\u00e1s de tres a\u00f1os despu\u00e9s, Montilla acog\u00eda un nuevo A\u00f1o Jubilar, esta vez por el nombramiento de San Juan de \u00c1vila como\u00a0<strong>doctor de la Iglesia<\/strong>, una figura muy poco habitual en la Curia romana.<\/p>\n","protected":false},"excerpt":{"rendered":"<p>El pasado 10 de octubre, la\u00a0Santa Sede\u00a0comunic\u00f3 al\u00a0obispo de C\u00f3rdoba, monse\u00f1or\u00a0Demetrio Fern\u00e1ndez, que prolongaba el\u00a0A\u00f1o Jubilar de San Juan de \u00c1vila\u00a0dos a\u00f1os m\u00e1s. \u00abSe trata de un hecho singular y poco habitual\u00bb, seg\u00fan explica en su web la Di\u00f3cesis de C\u00f3rdoba. As\u00ed,\u00a0Montilla\u00a0vivir\u00e1 un\u00a0Trienio Jubilar\u00a0como consecuencia de la declaraci\u00f3n, el pasado 7 de octubre de 2012, [&#038;hellip<\/p>\n","protected":false},"author":1,"featured_media":461,"comment_status":"closed","ping_status":"open","sticky":false,"template":"","format":"video","meta":{"advanced_seo_description":"","spay_email":"","jetpack_publicize_message":"","jetpack_is_tweetstorm":false},"categories":[5],"tags":[],"jetpack_featured_media_url":"https:\/\/i2.wp.com\/veracruzdemontilla.com\/wp-content\/uploads\/2013\/10\/san-juan-avila-644-644x362.jpg?fit=644%2C362","jetpack_publicize_connections":[],"wpmagazine_modules_lite_featured_media_urls":{"thumbnail":["https:\/\/i2.wp.com\/veracruzdemontilla.com\/wp-content\/uploads\/2013\/10\/san-juan-avila-644-644x362.jpg?resize=150%2C150",150,150,true],"cvmm-medium":["https:\/\/i2.wp.com\/veracruzdemontilla.com\/wp-content\/uploads\/2013\/10\/san-juan-avila-644-644x362.jpg?resize=300%2C300",300,300,true],"cvmm-medium-plus":["https:\/\/i2.wp.com\/veracruzdemontilla.com\/wp-content\/uploads\/2013\/10\/san-juan-avila-644-644x362.jpg?resize=305%2C207",305,207,true],"cvmm-portrait":["https:\/\/i2.wp.com\/veracruzdemontilla.com\/wp-content\/uploads\/2013\/10\/san-juan-avila-644-644x362.jpg?resize=400%2C362",400,362,true],"cvmm-medium-square":["https:\/\/i2.wp.com\/veracruzdemontilla.com\/wp-content\/uploads\/2013\/10\/san-juan-avila-644-644x362.jpg?resize=600%2C362",600,362,true],"cvmm-large":["https:\/\/i2.wp.com\/veracruzdemontilla.com\/wp-content\/uploads\/2013\/10\/san-juan-avila-644-644x362.jpg?resize=644%2C362",644,362,true],"cvmm-small":["https:\/\/i2.wp.com\/veracruzdemontilla.com\/wp-content\/uploads\/2013\/10\/san-juan-avila-644-644x362.jpg?resize=130%2C95",130,95,true],"full":["https:\/\/i2.wp.com\/veracruzdemontilla.com\/wp-content\/uploads\/2013\/10\/san-juan-avila-644-644x362.jpg?fit=644%2C362",644,362,false]},"categories_names":{"5":{"name":"Actualidad","link":"http:\/\/veracruzdemontilla.com\/?cat=5"}},"tags_names":[],"comments_number":"0","jetpack_sharing_enabled":true,"jetpack_shortlink":"https:\/\/wp.me\/p9INPk-7q","jetpack_likes_enabled":true,"jetpack-related-posts":[{"id":359,"url":"http:\/\/veracruzdemontilla.com\/?p=359","url_meta":{"origin":460,"position":0},"title":"San Juan de \u00c1vila, en su A\u00f1o Jubilar, que est\u00e1 acabando, \u00abha desbordado las previsiones\u00bb","date":"23 septiembre, 2013","format":false,"excerpt":"El obispo de C\u00f3rdoba, Demetrio Fern\u00e1ndez, considera que el A\u00f1o Jubilar dedicado a San Juan de \u00c1vila, santo predicador y maestros del siglo XVI, que concluye en octubre, \"ha demostrado\" que el Doctor de la Iglesia \"es un personaje de primer\u00edsima categor\u00eda, en la Iglesia y en la sociedad\". El\u2026","rel":"","context":"En \u00abActualidad\u00bb","img":{"alt_text":"","src":"https:\/\/i0.wp.com\/veracruzdemontilla.com\/wp-content\/uploads\/2013\/09\/demetrio.jpg?fit=827%2C519&resize=350%2C200","width":350,"height":200},"classes":[]},{"id":1192,"url":"http:\/\/veracruzdemontilla.com\/?p=1192","url_meta":{"origin":460,"position":1},"title":"Clausura del Trienio Jubilar en honor de San Juan de \u00c1vila en Montilla","date":"14 octubre, 2015","format":false,"excerpt":"El pasado lunes, 12 de octubre, celebramos la clausura del Trienio Jubilar en honor de San Juan de \u00c1vila\u00a0despu\u00e9s de que el d\u00eda 7 de octubre de 2012 el Papa Benedicto XVI lo declarara Doctor de la Iglesia Universal, presentando al Doctor del Amor divino y del sacerdocio como paradigma\u2026","rel":"","context":"En \u00abActualidad\u00bb","img":{"alt_text":"","src":"https:\/\/i0.wp.com\/veracruzdemontilla.com\/wp-content\/uploads\/2015\/10\/MG_35101b.jpg?fit=640%2C400&resize=350%2C200","width":350,"height":200},"classes":[]},{"id":507,"url":"http:\/\/veracruzdemontilla.com\/?p=507","url_meta":{"origin":460,"position":2},"title":"Clausuramos El A\u00f1o de la fe, con la fiesta de Cristo Rey del Universo","date":"24 noviembre, 2013","format":false,"excerpt":"\"No imagin\u00e1bamos que el A\u00f1o de la Fe diera tanto de s\u00ed. Cuando Dios nos anuncia una gracia nueva, hemos de abrirnos a la misma con toda esperanza, dispuestos a lo imprevisible.\u00a0Y lo imprevisible sucede. El A\u00f1o de la fe que clausuramos con la fiesta de Cristo Rey del Universo\u2026","rel":"","context":"En \u00abActualidad\u00bb","img":{"alt_text":"","src":"https:\/\/i1.wp.com\/veracruzdemontilla.com\/wp-content\/uploads\/2013\/11\/cristorey1.jpg?fit=640%2C427&resize=350%2C200","width":350,"height":200},"classes":[]},{"id":1009,"url":"http:\/\/veracruzdemontilla.com\/?p=1009","url_meta":{"origin":460,"position":3},"title":"Nuevo Rector de la Bas\u00edlica de Montilla","date":"7 enero, 2015","format":false,"excerpt":"El obispo de C\u00f3rdoba, Demetrio Fern\u00e1ndez, ha nombrado a Jos\u00e9 F\u00e9lix Garc\u00eda Jurado, actual p\u00e1rroco de la Sagrada Familia de Lucena, rector de la bas\u00edlica pontificia de San Juan de \u00c1vila de Montilla, donde se encuentra el sepulcro del Santo Doctor de la Iglesia. Jos\u00e9 F\u00e9lix Garc\u00eda Jurado, quien tambi\u00e9n\u2026","rel":"","context":"En \u00abActualidad\u00bb","img":{"alt_text":"","src":"https:\/\/i1.wp.com\/veracruzdemontilla.com\/wp-content\/uploads\/2015\/01\/IMG-20150106-WA0024.jpg?fit=640%2C400&resize=350%2C200","width":350,"height":200},"classes":[]},{"id":483,"url":"http:\/\/veracruzdemontilla.com\/?p=483","url_meta":{"origin":460,"position":4},"title":"M\u00e1s de 4000 personas veneran las reliquias de San Juan de \u00c1vila en Catalu\u00f1a","date":"29 octubre, 2013","format":false,"excerpt":"El 10 de octubre las reliquias\u00a0de san Juan de \u00c1vila, entre ellas su coraz\u00f3n\u00a0incorrupto, han visitado las di\u00f3cesis\u00a0de Barcelona, Terrassa y Vic, gracias a\u00a0la iniciativa de la Asociaci\u00f3n J\u00f3venes\u00a0de San Jos\u00e9. Todo empez\u00f3 con el A\u00f1o\u00a0de la Fe convocado por Benedicto XVI. \u00a0La visita del patrono del clero secular espa\u00f1ol\u2026","rel":"","context":"En \u00abActualidad\u00bb","img":{"alt_text":"","src":"https:\/\/i2.wp.com\/veracruzdemontilla.com\/wp-content\/uploads\/2013\/10\/barcelona03.jpg?fit=600%2C400&resize=350%2C200","width":350,"height":200},"classes":[]},{"id":500,"url":"http:\/\/veracruzdemontilla.com\/?p=500","url_meta":{"origin":460,"position":5},"title":"Se presenta la Gu\u00eda del Peregrino del \u201cCamino de San Juan de \u00c1vila\u201d","date":"19 noviembre, 2013","format":false,"excerpt":"\u201cEl camino de San Juan de \u00c1vila\u201d la gu\u00eda, elaborada por el\u00a0Centro Diocesano de San Juan de \u00c1vila\u00a0recoge la informaci\u00f3n recabada por los tres monta\u00f1eros que emprendieron esta ruta a pie desde\u00a0Almod\u00f3var del Campo,\u00a0lugar de nacimiento del Doctor de la Iglesia,hasta Montilla, donde muri\u00f3 y se conserva su sepulcro, el\u2026","rel":"","context":"En \u00abActualidad\u00bb","img":{"alt_text":"","src":"https:\/\/i1.wp.com\/veracruzdemontilla.com\/wp-content\/uploads\/2013\/11\/guia-avilista.jpg?fit=600%2C400&resize=350%2C200","width":350,"height":200},"classes":[]}],"_links":{"self":[{"href":"http:\/\/veracruzdemontilla.com\/index.php?rest_route=\/wp\/v2\/posts\/460"}],"collection":[{"href":"http:\/\/veracruzdemontilla.com\/index.php?rest_route=\/wp\/v2\/posts"}],"about":[{"href":"http:\/\/veracruzdemontilla.com\/index.php?rest_route=\/wp\/v2\/types\/post"}],"author":[{"embeddable":true,"href":"http:\/\/veracruzdemontilla.com\/index.php?rest_route=\/wp\/v2\/users\/1"}],"replies":[{"embeddable":true,"href":"http:\/\/veracruzdemontilla.com\/index.php?rest_route=%2Fwp%2Fv2%2Fcomments&post=460"}],"version-history":[{"count":2,"href":"http:\/\/veracruzdemontilla.com\/index.php?rest_route=\/wp\/v2\/posts\/460\/revisions"}],"predecessor-version":[{"id":464,"href":"http:\/\/veracruzdemontilla.com\/index.php?rest_route=\/wp\/v2\/posts\/460\/revisions\/464"}],"wp:featuredmedia":[{"embeddable":true,"href":"http:\/\/veracruzdemontilla.com\/index.php?rest_route=\/wp\/v2\/media\/461"}],"wp:attachment":[{"href":"http:\/\/veracruzdemontilla.com\/index.php?rest_route=%2Fwp%2Fv2%2Fmedia&parent=460"}],"wp:term":[{"taxonomy":"category","embeddable":true,"href":"http:\/\/veracruzdemontilla.com\/index.php?rest_route=%2Fwp%2Fv2%2Fcategories&post=460"},{"taxonomy":"post_tag","embeddable":true,"href":"http:\/\/veracruzdemontilla.com\/index.php?rest_route=%2Fwp%2Fv2%2Ftags&post=460"}],"curies":[{"name":"wp","href":"https:\/\/api.w.org\/{rel}","templated":true}]}}