{"id":456,"date":"2013-10-18T12:29:09","date_gmt":"2013-10-18T10:29:09","guid":{"rendered":"http:\/\/veracruzdemontilla.com\/?p=456"},"modified":"2013-10-26T17:57:52","modified_gmt":"2013-10-26T15:57:52","slug":"entradas-a-la-venta-para-el-concierto-de-ensayocon7","status":"publish","type":"post","link":"http:\/\/veracruzdemontilla.com\/?p=456","title":{"rendered":"Entradas a la venta para el concierto de ENSAYOcon7"},"content":{"rendered":"<p style=\"text-align: justify;\">A partir del pr\u00f3ximo lunes d\u00eda 21,\u00a0\u00a0<strong>ya puedes adquirir tus entradas<\/strong>\u00a0para el concierto de ENSAYOcon7, que nuestra cofrad\u00eda ha programado para el pr\u00f3ximo d\u00eda <strong>6 de diciembre<\/strong>.<\/p>\n<p style=\"text-align: justify;\">Puedes adquirirlas en nuestros puntos de venta habituales: \u00a0<strong>Estanco de Ram\u00f3n, Centro de Formaci\u00f3n Aral Inform\u00e1tica y Centro Veterinario Doggos<\/strong>, \u00a0o consultando a cualquier miembro de nuestra junta, al precio de <strong>5,00 \u20ac.<\/strong><\/p>\n<p style=\"text-align: justify;\">Como ya adelant\u00e1bamos hace unos d\u00edas, el grupo cordob\u00e9s ENSAYOcon7, visitar\u00e1 el pr\u00f3ximo d\u00eda <strong>6 de diciembre<\/strong> las tablas del Teatro Garnelo, para deleitar a todos los asistentes con su m\u00fasica\u00a0swing, cl\u00e1sica y pop. \u00a0 Las\u00a06 componentes femeninas de este grupo, participantes de distintas agrupaciones musicales que confluyen en el Coro de Opera de C\u00f3rdoba, actuaron la pasada semana en el Mercado Victoria de la capital, obteniendo un gran \u00e9xito.<\/p>\n<p style=\"text-align: justify;\">Tras su \u00faltima actuaci\u00f3n,\u00a0a beneficio de la Asociaci\u00f3n Cordobesa \u00abAmigos de los Ni\u00f1os Saharauis\u00bb, ENSAYOcon7 viene a Montilla, para que disfrutemos de su gran\u00a0repertorio ecl\u00e9ctico.<\/p>\n<p style=\"text-align: justify;\">\n","protected":false},"excerpt":{"rendered":"<p>A partir del pr\u00f3ximo lunes d\u00eda 21,\u00a0\u00a0ya puedes adquirir tus entradas\u00a0para el concierto de ENSAYOcon7, que nuestra cofrad\u00eda ha programado para el pr\u00f3ximo d\u00eda 6 de diciembre. Puedes adquirirlas en nuestros puntos de venta habituales: \u00a0Estanco de Ram\u00f3n, Centro de Formaci\u00f3n Aral Inform\u00e1tica y Centro Veterinario Doggos, \u00a0o consultando a cualquier miembro de nuestra junta, [&#038;hellip<\/p>\n","protected":false},"author":1,"featured_media":458,"comment_status":"closed","ping_status":"open","sticky":false,"template":"","format":"standard","meta":{"advanced_seo_description":"","spay_email":"","jetpack_publicize_message":"","jetpack_is_tweetstorm":false},"categories":[5],"tags":[],"jetpack_featured_media_url":"https:\/\/i0.wp.com\/veracruzdemontilla.com\/wp-content\/uploads\/2013\/10\/ensayocon7_2.png?fit=650%2C400","jetpack_publicize_connections":[],"wpmagazine_modules_lite_featured_media_urls":{"thumbnail":["https:\/\/i0.wp.com\/veracruzdemontilla.com\/wp-content\/uploads\/2013\/10\/ensayocon7_2.png?resize=150%2C150",150,150,true],"cvmm-medium":["https:\/\/i0.wp.com\/veracruzdemontilla.com\/wp-content\/uploads\/2013\/10\/ensayocon7_2.png?resize=300%2C300",300,300,true],"cvmm-medium-plus":["https:\/\/i0.wp.com\/veracruzdemontilla.com\/wp-content\/uploads\/2013\/10\/ensayocon7_2.png?resize=305%2C207",305,207,true],"cvmm-portrait":["https:\/\/i0.wp.com\/veracruzdemontilla.com\/wp-content\/uploads\/2013\/10\/ensayocon7_2.png?resize=400%2C400",400,400,true],"cvmm-medium-square":["https:\/\/i0.wp.com\/veracruzdemontilla.com\/wp-content\/uploads\/2013\/10\/ensayocon7_2.png?resize=600%2C400",600,400,true],"cvmm-large":["https:\/\/i0.wp.com\/veracruzdemontilla.com\/wp-content\/uploads\/2013\/10\/ensayocon7_2.png?resize=650%2C400",650,400,true],"cvmm-small":["https:\/\/i0.wp.com\/veracruzdemontilla.com\/wp-content\/uploads\/2013\/10\/ensayocon7_2.png?resize=130%2C95",130,95,true],"full":["https:\/\/i0.wp.com\/veracruzdemontilla.com\/wp-content\/uploads\/2013\/10\/ensayocon7_2.png?fit=650%2C400",650,400,false]},"categories_names":{"5":{"name":"Actualidad","link":"http:\/\/veracruzdemontilla.com\/?cat=5"}},"tags_names":[],"comments_number":"0","jetpack_sharing_enabled":true,"jetpack_shortlink":"https:\/\/wp.me\/p9INPk-7m","jetpack_likes_enabled":true,"jetpack-related-posts":[{"id":381,"url":"http:\/\/veracruzdemontilla.com\/?p=381","url_meta":{"origin":456,"position":0},"title":"Concierto ENSAYOcon7","date":"14 octubre, 2013","format":"video","excerpt":"El pr\u00f3ximo d\u00eda 6 de diciembre (D\u00eda de la Constituci\u00f3n), la Cofrad\u00eda Penitencial de la Santa Veracruz, nos trae en concierto al grupo ENSAYOcon7\u00a0; 6 mujeres con un repertorio ecl\u00e9ctico que nos pasear\u00e1n por el swing de Duke Ellintong y nos llevar\u00e1n a Brasil recorriendo cl\u00e1sicos como Gershwing o elegidos\u2026","rel":"","context":"En \u00abActualidad\u00bb","img":{"alt_text":"","src":"https:\/\/i0.wp.com\/veracruzdemontilla.com\/wp-content\/uploads\/2013\/10\/ensayocon7.jpg?fit=650%2C400&resize=350%2C200","width":350,"height":200},"classes":[]},{"id":35,"url":"http:\/\/veracruzdemontilla.com\/?p=35","url_meta":{"origin":456,"position":1},"title":"Concierto &quot;El mundo de la Zarzuela&quot;","date":"13 febrero, 2012","format":false,"excerpt":"La Camerata IPAGRO regresa a la ciudad de Montilla el pr\u00f3ximo d\u00eda 28 de febrero de 2012 para ofrecer un concierto extraordinario con motivo del D\u00eda de Andaluc\u00eda, organizado por la Cofrad\u00eda Penitencial de la Santa Vera Cruz y con la colaboraci\u00f3n del Ayuntamiento de Montilla.\u00a0En esta ocasi\u00f3n, lo hace\u2026","rel":"","context":"En \u00abSin categor\u00eda\u00bb","img":{"alt_text":"","src":"https:\/\/i0.wp.com\/4.bp.blogspot.com\/-MXQPaGIXxI8\/TzfheP7lBiI\/AAAAAAAAAfk\/53N2ckUftPw\/s400\/CARTEL.jpg?resize=350%2C200","width":350,"height":200},"classes":[]},{"id":574,"url":"http:\/\/veracruzdemontilla.com\/?p=574","url_meta":{"origin":456,"position":2},"title":"Recogida de loter\u00eda de Navidad","date":"17 diciembre, 2013","format":false,"excerpt":"El pr\u00f3ximo viernes, d\u00eda 20 de diciembre a las 20:00 horas, se cumple el plazo para retirar de la venta los talonarios y d\u00e9cimos de loter\u00eda de Navidad de nuestra cofrad\u00eda. Los hermanos en posesi\u00f3n de los mismos deber\u00e1n entregarlos a cualquier componente de la Junta de Gobierno, o bien\u2026","rel":"","context":"En \u00abActualidad\u00bb","img":{"alt_text":"","src":"https:\/\/i2.wp.com\/veracruzdemontilla.com\/wp-content\/uploads\/2013\/12\/loteria-navidad-644x362.jpg?fit=644%2C362&resize=350%2C200","width":350,"height":200},"classes":[]},{"id":1126,"url":"http:\/\/veracruzdemontilla.com\/?p=1126","url_meta":{"origin":456,"position":3},"title":"El n\u00famero 89.952 , es el jugado este a\u00f1o en el Sorteo Extraordinario de Navidad","date":"24 julio, 2015","format":false,"excerpt":"Como viene siendo habitual, nuestra Cofrad\u00eda vuelve a poner a disposici\u00f3n de todo aquel que\u00a0lo desee, loter\u00eda para el Sorteo Extraordinario de Navidad, con el fin de obtener beneficios con\u00a0los que afrontar los proyectos y retos que, desde la Junta de Gobierno, se han planteado para\u00a0este pr\u00f3ximo a\u00f1o. Ya puedes\u2026","rel":"","context":"En \u00abActualidad\u00bb","img":{"alt_text":"","src":"https:\/\/i0.wp.com\/veracruzdemontilla.com\/wp-content\/uploads\/2015\/07\/maxresdefault.jpg?fit=600%2C400&resize=350%2C200","width":350,"height":200},"classes":[]},{"id":328,"url":"http:\/\/veracruzdemontilla.com\/?p=328","url_meta":{"origin":456,"position":4},"title":"Loter\u00eda de Navidad, n\u00famero 47.500","date":"13 septiembre, 2013","format":false,"excerpt":"Estimados Hermanos en Cristo: La Tesorer\u00eda de la Hermandad, al igual que en a\u00f1os anteriores, pone a\u00a0disposici\u00f3n de todo aquel que desee adquirir Loter\u00eda correspondiente al\u00a0Sorteo de Navidad, que se celebrar\u00e1 el d\u00eda 22 de Diciembre de 2.013. El n\u00famero elegido este a\u00f1o es el 47.500, encontr\u00e1ndose ya en los\u2026","rel":"","context":"En \u00abActualidad\u00bb","img":{"alt_text":"","src":"https:\/\/i2.wp.com\/veracruzdemontilla.com\/wp-content\/uploads\/2013\/09\/loteria-navidad1.jpg?fit=640%2C400&resize=350%2C200","width":350,"height":200},"classes":[]},{"id":937,"url":"http:\/\/veracruzdemontilla.com\/?p=937","url_meta":{"origin":456,"position":5},"title":"Loter\u00eda de Navidad, n\u00famero 88.437","date":"3 octubre, 2014","format":false,"excerpt":"Estimados Hermanos en Cristo: La Tesorer\u00eda de la Hermandad, al igual que en a\u00f1os anteriores, pone a\u00a0disposici\u00f3n de todo aquel que desee adquirir Loter\u00eda correspondiente al\u00a0Sorteo de Navidad, que se celebrar\u00e1 el d\u00eda 22 de Diciembre de 2.014. El n\u00famero elegido este a\u00f1o es el 88.437, encontr\u00e1ndose ya en los\u2026","rel":"","context":"En \u00abActualidad\u00bb","img":{"alt_text":"","src":"https:\/\/i1.wp.com\/veracruzdemontilla.com\/wp-content\/uploads\/2014\/10\/loteria2014.jpg?fit=640%2C400&resize=350%2C200","width":350,"height":200},"classes":[]}],"_links":{"self":[{"href":"http:\/\/veracruzdemontilla.com\/index.php?rest_route=\/wp\/v2\/posts\/456"}],"collection":[{"href":"http:\/\/veracruzdemontilla.com\/index.php?rest_route=\/wp\/v2\/posts"}],"about":[{"href":"http:\/\/veracruzdemontilla.com\/index.php?rest_route=\/wp\/v2\/types\/post"}],"author":[{"embeddable":true,"href":"http:\/\/veracruzdemontilla.com\/index.php?rest_route=\/wp\/v2\/users\/1"}],"replies":[{"embeddable":true,"href":"http:\/\/veracruzdemontilla.com\/index.php?rest_route=%2Fwp%2Fv2%2Fcomments&post=456"}],"version-history":[{"count":2,"href":"http:\/\/veracruzdemontilla.com\/index.php?rest_route=\/wp\/v2\/posts\/456\/revisions"}],"predecessor-version":[{"id":459,"href":"http:\/\/veracruzdemontilla.com\/index.php?rest_route=\/wp\/v2\/posts\/456\/revisions\/459"}],"wp:featuredmedia":[{"embeddable":true,"href":"http:\/\/veracruzdemontilla.com\/index.php?rest_route=\/wp\/v2\/media\/458"}],"wp:attachment":[{"href":"http:\/\/veracruzdemontilla.com\/index.php?rest_route=%2Fwp%2Fv2%2Fmedia&parent=456"}],"wp:term":[{"taxonomy":"category","embeddable":true,"href":"http:\/\/veracruzdemontilla.com\/index.php?rest_route=%2Fwp%2Fv2%2Fcategories&post=456"},{"taxonomy":"post_tag","embeddable":true,"href":"http:\/\/veracruzdemontilla.com\/index.php?rest_route=%2Fwp%2Fv2%2Ftags&post=456"}],"curies":[{"name":"wp","href":"https:\/\/api.w.org\/{rel}","templated":true}]}}