{"id":443,"date":"2013-10-14T10:34:44","date_gmt":"2013-10-14T08:34:44","guid":{"rendered":"http:\/\/veracruzdemontilla.com\/?p=443"},"modified":"2013-10-14T10:31:52","modified_gmt":"2013-10-14T08:31:52","slug":"acompanando-a-la-patrona-de-montilla","status":"publish","type":"post","link":"http:\/\/veracruzdemontilla.com\/?p=443","title":{"rendered":"Acompa\u00f1ando a la Patrona de Montilla"},"content":{"rendered":"<p style=\"text-align: justify;\">La ciudad de Montilla ha celebrado en estos d\u00edas\u00a0la Fiesta de la Virgen de la Aurora que se celebra el segundo domingo de octubre. \u00a0La Virgen, talla de Jos\u00e9 de Mora, el gran imaginero granadino,\u00a0sali\u00f3 en procesi\u00f3n ayer domingo por la tarde\u00a0recorriendo las calles principales de nuestra ciudad. Nuestra Se\u00f1ora, fue acompa\u00f1ada por gran n\u00famero de fieles y por las autoridades civiles y religiosas de nuestra localidad.<\/p>\n<p><a href=\"https:\/\/i0.wp.com\/veracruzdemontilla.com\/wp-content\/uploads\/2013\/10\/aurora02.jpg\"><img data-attachment-id=\"449\" data-permalink=\"http:\/\/veracruzdemontilla.com\/?attachment_id=449\" data-orig-file=\"https:\/\/i0.wp.com\/veracruzdemontilla.com\/wp-content\/uploads\/2013\/10\/aurora02.jpg?fit=650%2C400\" data-orig-size=\"650,400\" data-comments-opened=\"0\" data-image-meta=\"{&quot;aperture&quot;:&quot;0&quot;,&quot;credit&quot;:&quot;&quot;,&quot;camera&quot;:&quot;&quot;,&quot;caption&quot;:&quot;&quot;,&quot;created_timestamp&quot;:&quot;0&quot;,&quot;copyright&quot;:&quot;&quot;,&quot;focal_length&quot;:&quot;0&quot;,&quot;iso&quot;:&quot;0&quot;,&quot;shutter_speed&quot;:&quot;0&quot;,&quot;title&quot;:&quot;&quot;}\" data-image-title=\"aurora02\" data-image-description=\"\" data-image-caption=\"\" data-medium-file=\"https:\/\/i0.wp.com\/veracruzdemontilla.com\/wp-content\/uploads\/2013\/10\/aurora02.jpg?fit=300%2C184\" data-large-file=\"https:\/\/i0.wp.com\/veracruzdemontilla.com\/wp-content\/uploads\/2013\/10\/aurora02.jpg?fit=650%2C400\" loading=\"lazy\" class=\"size-medium wp-image-449 aligncenter\" alt=\"aurora02\" src=\"https:\/\/i0.wp.com\/veracruzdemontilla.com\/wp-content\/uploads\/2013\/10\/aurora02.jpg?resize=600%2C350\" width=\"600\" height=\"350\" srcset=\"https:\/\/i0.wp.com\/veracruzdemontilla.com\/wp-content\/uploads\/2013\/10\/aurora02.jpg?zoom=2&amp;resize=600%2C350 1200w, https:\/\/i0.wp.com\/veracruzdemontilla.com\/wp-content\/uploads\/2013\/10\/aurora02.jpg?zoom=3&amp;resize=600%2C350 1800w\" sizes=\"(max-width: 600px) 100vw, 600px\" data-recalc-dims=\"1\" \/><\/a><\/p>\n<p style=\"text-align: justify;\">Este a\u00f1o la Virgen de la Aurora, ha sido acompa\u00f1ada musicalmente por la Agrupaci\u00f3n Musical \u00abLa Uni\u00f3n\u00bb. \u00a0A las 19:00 horas se daban cita numerosos montillanos, para\u00a0celebrar la tradicional procesi\u00f3n con la imagen mariana por las calles de Montilla, junto al resto de representaciones que de distintas hermandades y estamentos de la ciudad, se congregaron como cada a\u00f1o.<\/p>\n<p style=\"text-align: justify;\"><a href=\"https:\/\/i0.wp.com\/veracruzdemontilla.com\/wp-content\/uploads\/2013\/10\/aurora03.jpg\"><img data-attachment-id=\"450\" data-permalink=\"http:\/\/veracruzdemontilla.com\/?attachment_id=450\" data-orig-file=\"https:\/\/i0.wp.com\/veracruzdemontilla.com\/wp-content\/uploads\/2013\/10\/aurora03.jpg?fit=650%2C400\" data-orig-size=\"650,400\" data-comments-opened=\"0\" data-image-meta=\"{&quot;aperture&quot;:&quot;0&quot;,&quot;credit&quot;:&quot;&quot;,&quot;camera&quot;:&quot;&quot;,&quot;caption&quot;:&quot;&quot;,&quot;created_timestamp&quot;:&quot;0&quot;,&quot;copyright&quot;:&quot;&quot;,&quot;focal_length&quot;:&quot;0&quot;,&quot;iso&quot;:&quot;0&quot;,&quot;shutter_speed&quot;:&quot;0&quot;,&quot;title&quot;:&quot;&quot;}\" data-image-title=\"aurora03\" data-image-description=\"\" data-image-caption=\"\" data-medium-file=\"https:\/\/i0.wp.com\/veracruzdemontilla.com\/wp-content\/uploads\/2013\/10\/aurora03.jpg?fit=300%2C184\" data-large-file=\"https:\/\/i0.wp.com\/veracruzdemontilla.com\/wp-content\/uploads\/2013\/10\/aurora03.jpg?fit=650%2C400\" loading=\"lazy\" class=\"aligncenter size-full wp-image-450\" alt=\"aurora03\" src=\"https:\/\/i0.wp.com\/veracruzdemontilla.com\/wp-content\/uploads\/2013\/10\/aurora03.jpg?resize=600%2C350\" width=\"600\" height=\"350\" srcset=\"https:\/\/i0.wp.com\/veracruzdemontilla.com\/wp-content\/uploads\/2013\/10\/aurora03.jpg?zoom=2&amp;resize=600%2C350 1200w, https:\/\/i0.wp.com\/veracruzdemontilla.com\/wp-content\/uploads\/2013\/10\/aurora03.jpg?zoom=3&amp;resize=600%2C350 1800w\" sizes=\"(max-width: 600px) 100vw, 600px\" data-recalc-dims=\"1\" \/><\/a><\/p>\n<p style=\"text-align: justify;\">A tenor del lugar que ocupa nuestra cofrad\u00eda en la n\u00f3mina de la Semana Santa, nuestro Vicehermano Mayor ocup\u00f3 el lugar que, entre la Hermandad de La Santa Cena y La\u00a0Hermandad\u00a0de la Humildad y\u00a0Caridad,\u00a0quedaba reservado para nuestra Cofrad\u00eda de la Vera Cruz.<\/p>\n<p style=\"text-align: justify;\">La Virgen de la Aurora recorri\u00f3 las calles de Montilla\u00a0devolviendo la visita a sus vecinos y poniendo broche de oro un a\u00f1o m\u00e1s a estas tradicionales fiestas en honor a la\u00a0<strong>Patrona de Montilla.<\/strong><\/p>\n","protected":false},"excerpt":{"rendered":"<p>La ciudad de Montilla ha celebrado en estos d\u00edas\u00a0la Fiesta de la Virgen de la Aurora que se celebra el segundo domingo de octubre. \u00a0La Virgen, talla de Jos\u00e9 de Mora, el gran imaginero granadino,\u00a0sali\u00f3 en procesi\u00f3n ayer domingo por la tarde\u00a0recorriendo las calles principales de nuestra ciudad. Nuestra Se\u00f1ora, fue acompa\u00f1ada por gran n\u00famero [&#038;hellip<\/p>\n","protected":false},"author":1,"featured_media":451,"comment_status":"closed","ping_status":"open","sticky":false,"template":"","format":"standard","meta":{"advanced_seo_description":"","spay_email":"","jetpack_publicize_message":"","jetpack_is_tweetstorm":false},"categories":[5],"tags":[],"jetpack_featured_media_url":"https:\/\/i1.wp.com\/veracruzdemontilla.com\/wp-content\/uploads\/2013\/10\/aurora011.jpg?fit=650%2C400","jetpack_publicize_connections":[],"wpmagazine_modules_lite_featured_media_urls":{"thumbnail":["https:\/\/i1.wp.com\/veracruzdemontilla.com\/wp-content\/uploads\/2013\/10\/aurora011.jpg?resize=150%2C150",150,150,true],"cvmm-medium":["https:\/\/i1.wp.com\/veracruzdemontilla.com\/wp-content\/uploads\/2013\/10\/aurora011.jpg?resize=300%2C300",300,300,true],"cvmm-medium-plus":["https:\/\/i1.wp.com\/veracruzdemontilla.com\/wp-content\/uploads\/2013\/10\/aurora011.jpg?resize=305%2C207",305,207,true],"cvmm-portrait":["https:\/\/i1.wp.com\/veracruzdemontilla.com\/wp-content\/uploads\/2013\/10\/aurora011.jpg?resize=400%2C400",400,400,true],"cvmm-medium-square":["https:\/\/i1.wp.com\/veracruzdemontilla.com\/wp-content\/uploads\/2013\/10\/aurora011.jpg?resize=600%2C400",600,400,true],"cvmm-large":["https:\/\/i1.wp.com\/veracruzdemontilla.com\/wp-content\/uploads\/2013\/10\/aurora011.jpg?resize=650%2C400",650,400,true],"cvmm-small":["https:\/\/i1.wp.com\/veracruzdemontilla.com\/wp-content\/uploads\/2013\/10\/aurora011.jpg?resize=130%2C95",130,95,true],"full":["https:\/\/i1.wp.com\/veracruzdemontilla.com\/wp-content\/uploads\/2013\/10\/aurora011.jpg?fit=650%2C400",650,400,false]},"categories_names":{"5":{"name":"Actualidad","link":"http:\/\/veracruzdemontilla.com\/?cat=5"}},"tags_names":[],"comments_number":"0","jetpack_sharing_enabled":true,"jetpack_shortlink":"https:\/\/wp.me\/p9INPk-79","jetpack_likes_enabled":true,"jetpack-related-posts":[{"id":7,"url":"http:\/\/veracruzdemontilla.com\/?p=7","url_meta":{"origin":443,"position":0},"title":"Pr\u00f3ximo domingo 2 de junio, Solemnidad del Corpus Christi 2013","date":"28 mayo, 2013","format":false,"excerpt":"\u00a0SANTA MISA a las 6 de la tarde en la Parroquia de Santiago Ap\u00f3stol. \u00a0A continuaci\u00f3n, PROCESI\u00d3N GENERAL con el siguiente recorrido: Iglesia, Gran Capit\u00e1n, San Juan de Dios, San Luis, Alta y Baja, Aleluya, Blanco, Enfermer\u00eda, Pozo Dulce, Blanca, San Sebasti\u00e1n, Virgen del Carmen, Gavia, San Francisco Solano, Santa\u2026","rel":"","context":"En \u00abActualidad\u00bb","img":{"alt_text":"","src":"https:\/\/i1.wp.com\/veracruzdemontilla.com\/wp-content\/uploads\/2013\/05\/corpus.jpg?fit=1200%2C800&resize=350%2C200","width":350,"height":200},"classes":[]},{"id":1109,"url":"http:\/\/veracruzdemontilla.com\/?p=1109","url_meta":{"origin":443,"position":1},"title":"Montilla se vuelca con el Corpus Christi","date":"8 junio, 2015","format":false,"excerpt":"Dentro de los actos religiosos de nuestro municipio, las iglesias y parroquias montillanas han celebrado\u00a0este domingo 7 de junio, la festividad del Corpus Christi con la procesi\u00f3n extraordinaria\u00a0\u00a0del Sant\u00edsimo Sacramento y en la que,\u00a0como viene siendo habitual,\u00a0\u00a0participaron numerosos ni\u00f1os y ni\u00f1as de Primera Comuni\u00f3n, as\u00ed como representantes de hermandades, autoridades\u2026","rel":"","context":"En \u00abActualidad\u00bb","img":{"alt_text":"","src":"https:\/\/i2.wp.com\/veracruzdemontilla.com\/wp-content\/uploads\/2015\/06\/corpus2015.jpg?fit=640%2C400&resize=350%2C200","width":350,"height":200},"classes":[]},{"id":873,"url":"http:\/\/veracruzdemontilla.com\/?p=873","url_meta":{"origin":443,"position":2},"title":"Un a\u00f1o m\u00e1s en la procesi\u00f3n del Corpus Christi","date":"23 junio, 2014","format":false,"excerpt":"Un a\u00f1os m\u00e1s nuestra Cofrad\u00eda\u00a0particip\u00f3 en la tarde de ayer, domingo 22 de junio,\u00a0en la procesi\u00f3n del Corpus Christi organizada por\u00a0\u00a0las Parroquias montillanas y la Agrupaci\u00f3n de Cofrad\u00edas. Nuestra Hermandad acompa\u00f1\u00f3 a Jes\u00fas Sacramentado por las calles del centro ocupando como es tradicional su lugar asignado, al igual que el\u2026","rel":"","context":"En \u00abActualidad\u00bb","img":{"alt_text":"","src":"https:\/\/i1.wp.com\/veracruzdemontilla.com\/wp-content\/uploads\/2014\/06\/corpus.jpg?fit=640%2C400&resize=350%2C200","width":350,"height":200},"classes":[]},{"id":2145,"url":"http:\/\/veracruzdemontilla.com\/?p=2145","url_meta":{"origin":443,"position":3},"title":"La IV Ruta Cofrade recala en la Parroquia de Santiago","date":"6 abril, 2025","format":false,"excerpt":"La cuarta edici\u00f3n de la Ruta Cofrade organizada por el Ayuntamiento de Montilla en colaboraci\u00f3n con la Oficina de Turismo y la Agrupaci\u00f3n de Cofrad\u00edas de Montilla visit\u00f3 el pasado s\u00e1bado 5 de abril la Parroquia de Santiago Ap\u00f3stol, sede can\u00f3nica, entre otras, de la Cofrad\u00eda Penitencial de la Santa\u2026","rel":"","context":"En \u00abParroquia\u00bb","img":{"alt_text":"","src":"https:\/\/i2.wp.com\/veracruzdemontilla.com\/wp-content\/uploads\/2025\/04\/488523350_1438999997542832_7353637570052701659_n.jpg?fit=1200%2C674&resize=350%2C200","width":350,"height":200},"classes":[]},{"id":2360,"url":"http:\/\/veracruzdemontilla.com\/?p=2360","url_meta":{"origin":443,"position":4},"title":"El Cristo de Zacatecas y la Virgen del Socorro har\u00e1n su salida desde la Santa Iglesia Catedral","date":"5 junio, 2025","format":false,"excerpt":"El Santo Cristo de Zacatecas y Santa Mar\u00eda del Socorro, Madre de Dios y Se\u00f1ora Nuestra, titulares de la Cofrad\u00eda Penitencial de la Santa Vera Cruz, har\u00e1n su salida procesional desde la Santa Iglesia Catedral de C\u00f3rdoba, templo dedicado a Nuestra Se\u00f1ora de la Asunci\u00f3n que es cabeza y madre\u2026","rel":"","context":"En \u00abActualidad\u00bb","img":{"alt_text":"","src":"https:\/\/i0.wp.com\/veracruzdemontilla.com\/wp-content\/uploads\/2025\/06\/WhatsApp-Image-2025-06-05-at-09.28.45.jpeg?fit=900%2C1200&resize=350%2C200","width":350,"height":200},"classes":[]},{"id":867,"url":"http:\/\/veracruzdemontilla.com\/?p=867","url_meta":{"origin":443,"position":5},"title":"Corpus Christi","date":"19 junio, 2014","format":false,"excerpt":"Dentro de los actos religiosos de nuestro municipio, las iglesias y parroquias montillanas celebrar\u00e1n este domingo la festividad del Corpus Christi con la procesi\u00f3n extraordinaria\u00a0\u00a0del Sant\u00edsimo Sacramento, que este a\u00f1o ir\u00e1 acompa\u00f1ado de las Im\u00e1genes de La Divina Pastora, San Juan Bosco y Marcelo Esp\u00ednola, patronos y\/o fundadores de los\u2026","rel":"","context":"En \u00abActualidad\u00bb","img":{"alt_text":"","src":"https:\/\/i1.wp.com\/veracruzdemontilla.com\/wp-content\/uploads\/2014\/06\/04-Corpus1-610x343.jpg?fit=640%2C400&resize=350%2C200","width":350,"height":200},"classes":[]}],"_links":{"self":[{"href":"http:\/\/veracruzdemontilla.com\/index.php?rest_route=\/wp\/v2\/posts\/443"}],"collection":[{"href":"http:\/\/veracruzdemontilla.com\/index.php?rest_route=\/wp\/v2\/posts"}],"about":[{"href":"http:\/\/veracruzdemontilla.com\/index.php?rest_route=\/wp\/v2\/types\/post"}],"author":[{"embeddable":true,"href":"http:\/\/veracruzdemontilla.com\/index.php?rest_route=\/wp\/v2\/users\/1"}],"replies":[{"embeddable":true,"href":"http:\/\/veracruzdemontilla.com\/index.php?rest_route=%2Fwp%2Fv2%2Fcomments&post=443"}],"version-history":[{"count":5,"href":"http:\/\/veracruzdemontilla.com\/index.php?rest_route=\/wp\/v2\/posts\/443\/revisions"}],"predecessor-version":[{"id":452,"href":"http:\/\/veracruzdemontilla.com\/index.php?rest_route=\/wp\/v2\/posts\/443\/revisions\/452"}],"wp:featuredmedia":[{"embeddable":true,"href":"http:\/\/veracruzdemontilla.com\/index.php?rest_route=\/wp\/v2\/media\/451"}],"wp:attachment":[{"href":"http:\/\/veracruzdemontilla.com\/index.php?rest_route=%2Fwp%2Fv2%2Fmedia&parent=443"}],"wp:term":[{"taxonomy":"category","embeddable":true,"href":"http:\/\/veracruzdemontilla.com\/index.php?rest_route=%2Fwp%2Fv2%2Fcategories&post=443"},{"taxonomy":"post_tag","embeddable":true,"href":"http:\/\/veracruzdemontilla.com\/index.php?rest_route=%2Fwp%2Fv2%2Ftags&post=443"}],"curies":[{"name":"wp","href":"https:\/\/api.w.org\/{rel}","templated":true}]}}