{"id":438,"date":"2013-10-13T15:00:03","date_gmt":"2013-10-13T15:00:03","guid":{"rendered":"http:\/\/veracruzdemontilla.com\/?p=438"},"modified":"2013-10-13T15:00:59","modified_gmt":"2013-10-13T15:00:59","slug":"ultimas-preguntas-programa-de-rtve","status":"publish","type":"post","link":"http:\/\/veracruzdemontilla.com\/?p=438","title":{"rendered":"\u00ab\u00daltimas Preguntas\u00bb, programa de RTVE"},"content":{"rendered":"<p style=\"text-align: justify;\">[media id=9 width=600 height=400]<\/p>\n<p style=\"text-align: justify;\">El espacio\u00a0<em><strong>\u00daltimas preguntas <\/strong><\/em>que RTVE\u00a0ofrece cada domingo, nos plantea en esta ocasi\u00f3n \u00bfqu\u00e9 es la fe? Si no tenemos fe, \u00bfpodremos salvarnos? \u00bfC\u00f3mo transmitir la fe a nuestros hijos? Para responder estas y otras cuestiones, esta semana se ha entrevistado al Obispo de la di\u00f3cesis de C\u00f3rdoba,\u00a0<strong>Mons. Demetrio Fern\u00e1ndez<\/strong>.<\/p>\n<p style=\"text-align: justify;\">El deseo de verdad, interrogarse sobre el por qu\u00e9 y la finalidad de las cosas, pertenece a la naturaleza misma del ser humano.<\/p>\n<p style=\"text-align: justify;\"><strong>\u00daltimas Preguntas<\/strong> trata de responder a esas grandes cuestiones que todas las personas nos planteamos, desde la perspectiva del humanismo cristiano, pero siempre en di\u00e1logo con los fieles de otras religiones y con quienes, a\u00fan no compartiendo una creencia religiosa, buscan la renovaci\u00f3n de la humanidad.<\/p>\n<p style=\"text-align: justify;\">En el programa de hoy han abordado temas relacionados con la fe desde distintos aspectos, teniendo en cuenta la dimensi\u00f3n social del hombre as\u00ed como de la perspectiva misionera, social y caritativa de la Iglesia cat\u00f3lica.<\/p>\n","protected":false},"excerpt":{"rendered":"<p>[media id=9 width=600 height=400] El espacio\u00a0\u00daltimas preguntas que RTVE\u00a0ofrece cada domingo, nos plantea en esta ocasi\u00f3n \u00bfqu\u00e9 es la fe? Si no tenemos fe, \u00bfpodremos salvarnos? \u00bfC\u00f3mo transmitir la fe a nuestros hijos? Para responder estas y otras cuestiones, esta semana se ha entrevistado al Obispo de la di\u00f3cesis de C\u00f3rdoba,\u00a0Mons. Demetrio Fern\u00e1ndez. El deseo [&#038;hellip<\/p>\n","protected":false},"author":1,"featured_media":441,"comment_status":"closed","ping_status":"open","sticky":false,"template":"","format":"video","meta":{"advanced_seo_description":"","spay_email":"","jetpack_publicize_message":"","jetpack_is_tweetstorm":false},"categories":[5],"tags":[4],"jetpack_featured_media_url":"https:\/\/i0.wp.com\/veracruzdemontilla.com\/wp-content\/uploads\/2013\/10\/ultimaspreguntas.jpg?fit=650%2C400","jetpack_publicize_connections":[],"wpmagazine_modules_lite_featured_media_urls":{"thumbnail":["https:\/\/i0.wp.com\/veracruzdemontilla.com\/wp-content\/uploads\/2013\/10\/ultimaspreguntas.jpg?resize=150%2C150",150,150,true],"cvmm-medium":["https:\/\/i0.wp.com\/veracruzdemontilla.com\/wp-content\/uploads\/2013\/10\/ultimaspreguntas.jpg?resize=300%2C300",300,300,true],"cvmm-medium-plus":["https:\/\/i0.wp.com\/veracruzdemontilla.com\/wp-content\/uploads\/2013\/10\/ultimaspreguntas.jpg?resize=305%2C207",305,207,true],"cvmm-portrait":["https:\/\/i0.wp.com\/veracruzdemontilla.com\/wp-content\/uploads\/2013\/10\/ultimaspreguntas.jpg?resize=400%2C400",400,400,true],"cvmm-medium-square":["https:\/\/i0.wp.com\/veracruzdemontilla.com\/wp-content\/uploads\/2013\/10\/ultimaspreguntas.jpg?resize=600%2C400",600,400,true],"cvmm-large":["https:\/\/i0.wp.com\/veracruzdemontilla.com\/wp-content\/uploads\/2013\/10\/ultimaspreguntas.jpg?resize=650%2C400",650,400,true],"cvmm-small":["https:\/\/i0.wp.com\/veracruzdemontilla.com\/wp-content\/uploads\/2013\/10\/ultimaspreguntas.jpg?resize=130%2C95",130,95,true],"full":["https:\/\/i0.wp.com\/veracruzdemontilla.com\/wp-content\/uploads\/2013\/10\/ultimaspreguntas.jpg?fit=650%2C400",650,400,false]},"categories_names":{"5":{"name":"Actualidad","link":"http:\/\/veracruzdemontilla.com\/?cat=5"}},"tags_names":{"4":{"name":"Favoritos","link":"http:\/\/veracruzdemontilla.com\/?tag=favoritos"}},"comments_number":"0","jetpack_sharing_enabled":true,"jetpack_shortlink":"https:\/\/wp.me\/p9INPk-74","jetpack_likes_enabled":true,"jetpack-related-posts":[{"id":507,"url":"http:\/\/veracruzdemontilla.com\/?p=507","url_meta":{"origin":438,"position":0},"title":"Clausuramos El A\u00f1o de la fe, con la fiesta de Cristo Rey del Universo","date":"24 noviembre, 2013","format":false,"excerpt":"\"No imagin\u00e1bamos que el A\u00f1o de la Fe diera tanto de s\u00ed. Cuando Dios nos anuncia una gracia nueva, hemos de abrirnos a la misma con toda esperanza, dispuestos a lo imprevisible.\u00a0Y lo imprevisible sucede. El A\u00f1o de la fe que clausuramos con la fiesta de Cristo Rey del Universo\u2026","rel":"","context":"En \u00abActualidad\u00bb","img":{"alt_text":"","src":"https:\/\/i1.wp.com\/veracruzdemontilla.com\/wp-content\/uploads\/2013\/11\/cristorey1.jpg?fit=640%2C427&resize=350%2C200","width":350,"height":200},"classes":[]},{"id":1005,"url":"http:\/\/veracruzdemontilla.com\/?p=1005","url_meta":{"origin":438,"position":1},"title":"Nuestra Cofrad\u00eda vuelve a repartir 36.000 \u20ac, esta vez en la loter\u00eda de \u00abEl Ni\u00f1o\u00bb","date":"6 enero, 2015","format":false,"excerpt":"Si hace menos de un mes nuestra Cofrad\u00eda Penitencial de la Santa Vera Cruz repart\u00eda entre sus\u00a0hermanos, devotos y personas allegadas, m\u00e1s de 66.000 euros en el sorteo extraordinario de la Loter\u00eda de Navidad, al ser agraciados con las terminaciones de las dos \u00faltimas cifras del gordo - lo cu\u00e1l\u2026","rel":"","context":"En \u00abActualidad\u00bb","img":{"alt_text":"","src":"https:\/\/i1.wp.com\/veracruzdemontilla.com\/wp-content\/uploads\/2015\/01\/loteria-ni\u00f1o_0.jpg?fit=640%2C400&resize=350%2C200","width":350,"height":200},"classes":[]},{"id":993,"url":"http:\/\/veracruzdemontilla.com\/?p=993","url_meta":{"origin":438,"position":2},"title":"Nuestra Cofrad\u00eda reparte m\u00e1s de 66.000 \u20ac en la Loter\u00eda de Navidad","date":"22 diciembre, 2014","format":false,"excerpt":"Tras varios a\u00f1os tentando a la suerte en el Sorteo Extraordinario de la Loter\u00eda Nacional, m\u00e1s conocido como el Gordo de Navidad, nuestra Cofrad\u00eda se ha visto agraciada en esta edici\u00f3n con la terminaci\u00f3n de las dos \u00faltimas cifras del primer premio, que ha reca\u00eddo en el n\u00famero 13.437. La\u2026","rel":"","context":"En \u00abActualidad\u00bb","img":{"alt_text":"","src":"https:\/\/i1.wp.com\/veracruzdemontilla.com\/wp-content\/uploads\/2014\/12\/premiado.jpg?fit=644%2C362&resize=350%2C200","width":350,"height":200},"classes":[]},{"id":483,"url":"http:\/\/veracruzdemontilla.com\/?p=483","url_meta":{"origin":438,"position":3},"title":"M\u00e1s de 4000 personas veneran las reliquias de San Juan de \u00c1vila en Catalu\u00f1a","date":"29 octubre, 2013","format":false,"excerpt":"El 10 de octubre las reliquias\u00a0de san Juan de \u00c1vila, entre ellas su coraz\u00f3n\u00a0incorrupto, han visitado las di\u00f3cesis\u00a0de Barcelona, Terrassa y Vic, gracias a\u00a0la iniciativa de la Asociaci\u00f3n J\u00f3venes\u00a0de San Jos\u00e9. Todo empez\u00f3 con el A\u00f1o\u00a0de la Fe convocado por Benedicto XVI. \u00a0La visita del patrono del clero secular espa\u00f1ol\u2026","rel":"","context":"En \u00abActualidad\u00bb","img":{"alt_text":"","src":"https:\/\/i2.wp.com\/veracruzdemontilla.com\/wp-content\/uploads\/2013\/10\/barcelona03.jpg?fit=600%2C400&resize=350%2C200","width":350,"height":200},"classes":[]},{"id":1103,"url":"http:\/\/veracruzdemontilla.com\/?p=1103","url_meta":{"origin":438,"position":4},"title":"Celebrado el Cabildo General Ordinario de este a\u00f1o 2015","date":"18 mayo, 2015","format":false,"excerpt":"En la tarde-noche del pasado viernes 15\u00a0de mayo, tras la convocatoria previa a todos los hermanos, tuvo lugar el Cabildo General Ordinario de nuestra Cofrad\u00eda en la Casa Parroquial (c\/ Iglesia). Tras las preces iniciales de nuestro Consiliario, D. Jos\u00e9 Luis Moreno, fue le\u00edda el acta del Cabildo anterior siendo\u2026","rel":"","context":"En \u00abActualidad\u00bb","img":{"alt_text":"","src":"https:\/\/i0.wp.com\/veracruzdemontilla.com\/wp-content\/uploads\/2015\/05\/cabildo2015.jpg?fit=640%2C400&resize=350%2C200","width":350,"height":200},"classes":[]},{"id":2232,"url":"http:\/\/veracruzdemontilla.com\/?p=2232","url_meta":{"origin":438,"position":5},"title":"El papa Francisco: un legado de misericordia, esperanza y renovaci\u00f3n","date":"21 abril, 2025","format":false,"excerpt":"La Iglesia Cat\u00f3lica est\u00e1 de luto por la muerte del papa Francisco, quien ha dejado una marca profunda en millones de corazones. Su partida representa el fin de una era de transformaci\u00f3n que ahora nos invita a reflexionar sobre su repercusi\u00f3n y el futuro de la Iglesia. Un pontificado que\u2026","rel":"","context":"En \u00abActualidad\u00bb","img":{"alt_text":"","src":"https:\/\/i1.wp.com\/veracruzdemontilla.com\/wp-content\/uploads\/2025\/04\/Muere-Papa-Francisco.jpg?fit=1080%2C1080&resize=350%2C200","width":350,"height":200},"classes":[]}],"_links":{"self":[{"href":"http:\/\/veracruzdemontilla.com\/index.php?rest_route=\/wp\/v2\/posts\/438"}],"collection":[{"href":"http:\/\/veracruzdemontilla.com\/index.php?rest_route=\/wp\/v2\/posts"}],"about":[{"href":"http:\/\/veracruzdemontilla.com\/index.php?rest_route=\/wp\/v2\/types\/post"}],"author":[{"embeddable":true,"href":"http:\/\/veracruzdemontilla.com\/index.php?rest_route=\/wp\/v2\/users\/1"}],"replies":[{"embeddable":true,"href":"http:\/\/veracruzdemontilla.com\/index.php?rest_route=%2Fwp%2Fv2%2Fcomments&post=438"}],"version-history":[{"count":2,"href":"http:\/\/veracruzdemontilla.com\/index.php?rest_route=\/wp\/v2\/posts\/438\/revisions"}],"predecessor-version":[{"id":440,"href":"http:\/\/veracruzdemontilla.com\/index.php?rest_route=\/wp\/v2\/posts\/438\/revisions\/440"}],"wp:featuredmedia":[{"embeddable":true,"href":"http:\/\/veracruzdemontilla.com\/index.php?rest_route=\/wp\/v2\/media\/441"}],"wp:attachment":[{"href":"http:\/\/veracruzdemontilla.com\/index.php?rest_route=%2Fwp%2Fv2%2Fmedia&parent=438"}],"wp:term":[{"taxonomy":"category","embeddable":true,"href":"http:\/\/veracruzdemontilla.com\/index.php?rest_route=%2Fwp%2Fv2%2Fcategories&post=438"},{"taxonomy":"post_tag","embeddable":true,"href":"http:\/\/veracruzdemontilla.com\/index.php?rest_route=%2Fwp%2Fv2%2Ftags&post=438"}],"curies":[{"name":"wp","href":"https:\/\/api.w.org\/{rel}","templated":true}]}}