{"id":381,"date":"2013-10-14T13:40:48","date_gmt":"2013-10-14T11:40:48","guid":{"rendered":"http:\/\/veracruzdemontilla.com\/?p=381"},"modified":"2013-10-26T17:58:00","modified_gmt":"2013-10-26T15:58:00","slug":"concierto-ensayocon7","status":"publish","type":"post","link":"http:\/\/veracruzdemontilla.com\/?p=381","title":{"rendered":"Concierto ENSAYOcon7"},"content":{"rendered":"<p style=\"text-align: justify;\">El pr\u00f3ximo d\u00eda <strong>6 de diciembre (D\u00eda de la Constituci\u00f3n)<\/strong>, la Cofrad\u00eda Penitencial de la Santa Veracruz, nos trae en concierto al grupo <strong>ENSAYOcon7<\/strong>\u00a0; 6 mujeres con un repertorio ecl\u00e9ctico que nos pasear\u00e1n por el swing de Duke Ellintong y nos llevar\u00e1n a Brasil recorriendo cl\u00e1sicos como Gershwing o elegidos del pop como George Michael.<\/p>\n<p style=\"text-align: justify;\"><a href=\"https:\/\/i0.wp.com\/veracruzdemontilla.com\/wp-content\/uploads\/2013\/10\/011.jpg\"><img data-attachment-id=\"421\" data-permalink=\"http:\/\/veracruzdemontilla.com\/?attachment_id=421\" data-orig-file=\"https:\/\/i0.wp.com\/veracruzdemontilla.com\/wp-content\/uploads\/2013\/10\/011.jpg?fit=600%2C350\" data-orig-size=\"600,350\" data-comments-opened=\"0\" data-image-meta=\"{&quot;aperture&quot;:&quot;0&quot;,&quot;credit&quot;:&quot;&quot;,&quot;camera&quot;:&quot;&quot;,&quot;caption&quot;:&quot;&quot;,&quot;created_timestamp&quot;:&quot;0&quot;,&quot;copyright&quot;:&quot;&quot;,&quot;focal_length&quot;:&quot;0&quot;,&quot;iso&quot;:&quot;0&quot;,&quot;shutter_speed&quot;:&quot;0&quot;,&quot;title&quot;:&quot;&quot;}\" data-image-title=\"01\" data-image-description=\"\" data-image-caption=\"\" data-medium-file=\"https:\/\/i0.wp.com\/veracruzdemontilla.com\/wp-content\/uploads\/2013\/10\/011.jpg?fit=300%2C175\" data-large-file=\"https:\/\/i0.wp.com\/veracruzdemontilla.com\/wp-content\/uploads\/2013\/10\/011.jpg?fit=600%2C350\" loading=\"lazy\" class=\"aligncenter size-full wp-image-421\" alt=\"01\" src=\"https:\/\/i0.wp.com\/veracruzdemontilla.com\/wp-content\/uploads\/2013\/10\/011.jpg?resize=600%2C350\" width=\"600\" height=\"350\" srcset=\"https:\/\/i0.wp.com\/veracruzdemontilla.com\/wp-content\/uploads\/2013\/10\/011.jpg?w=600 600w, https:\/\/i0.wp.com\/veracruzdemontilla.com\/wp-content\/uploads\/2013\/10\/011.jpg?resize=300%2C175 300w\" sizes=\"(max-width: 600px) 100vw, 600px\" data-recalc-dims=\"1\" \/><\/a><\/p>\n<p style=\"text-align: justify;\">6 cantantes femeninas son las componentes de este grupo, las cuales han participado en distintas agrupaciones musicales y que confluyen en el Coro de Opera de C\u00f3rdoba hace aproximadamente 20 a\u00f1os. Todas con antecedentes musicales, tanto familiares como de formaci\u00f3n acad\u00e9mica, y todas miembros de la &#8216;<em>cuerda de contraltos<\/em>&#8216; del coro de \u00f3pera, que estimula los lazos de amistad suficientes para poner en marcha el proyecto musical conjunto <strong>ENSAYOcon7<\/strong>.<\/p>\n<p style=\"text-align: justify;\"><a href=\"https:\/\/i2.wp.com\/veracruzdemontilla.com\/wp-content\/uploads\/2013\/10\/032.jpg\"><img data-attachment-id=\"422\" data-permalink=\"http:\/\/veracruzdemontilla.com\/?attachment_id=422\" data-orig-file=\"https:\/\/i2.wp.com\/veracruzdemontilla.com\/wp-content\/uploads\/2013\/10\/032.jpg?fit=600%2C350\" data-orig-size=\"600,350\" data-comments-opened=\"0\" data-image-meta=\"{&quot;aperture&quot;:&quot;0&quot;,&quot;credit&quot;:&quot;&quot;,&quot;camera&quot;:&quot;&quot;,&quot;caption&quot;:&quot;&quot;,&quot;created_timestamp&quot;:&quot;0&quot;,&quot;copyright&quot;:&quot;&quot;,&quot;focal_length&quot;:&quot;0&quot;,&quot;iso&quot;:&quot;0&quot;,&quot;shutter_speed&quot;:&quot;0&quot;,&quot;title&quot;:&quot;&quot;}\" data-image-title=\"03\" data-image-description=\"\" data-image-caption=\"\" data-medium-file=\"https:\/\/i2.wp.com\/veracruzdemontilla.com\/wp-content\/uploads\/2013\/10\/032.jpg?fit=300%2C175\" data-large-file=\"https:\/\/i2.wp.com\/veracruzdemontilla.com\/wp-content\/uploads\/2013\/10\/032.jpg?fit=600%2C350\" loading=\"lazy\" class=\"aligncenter size-full wp-image-422\" alt=\"03\" src=\"https:\/\/i2.wp.com\/veracruzdemontilla.com\/wp-content\/uploads\/2013\/10\/032.jpg?resize=600%2C350\" width=\"600\" height=\"350\" srcset=\"https:\/\/i2.wp.com\/veracruzdemontilla.com\/wp-content\/uploads\/2013\/10\/032.jpg?w=600 600w, https:\/\/i2.wp.com\/veracruzdemontilla.com\/wp-content\/uploads\/2013\/10\/032.jpg?resize=300%2C175 300w\" sizes=\"(max-width: 600px) 100vw, 600px\" data-recalc-dims=\"1\" \/><\/a><\/p>\n<p style=\"text-align: justify;\">En la actualidad la formaci\u00f3n emprende nuevos caminos con la intenci\u00f3n de explorar otras m\u00fasicas alejadas del repertorio cl\u00e1sico del que procede interpretando temas standart, composiciones que han adquirido cierta notoriedad y que han sido objeto de numerosas versiones cantadas por grandes voces.<\/p>\n<p style=\"text-align: justify;\">Un concierto cantado a capella, \u00a0que recientemente cuenta con la colaboraci\u00f3n del contrabajista Pedro Jos\u00e9 Ant\u00fanez.<\/p>\n<p style=\"text-align: justify;\">Las entradas estar\u00e1n a un precio de 5,00 \u20ac y ser\u00e1n puestas a la venta a partir del pr\u00f3ximo 21 de octubre.<\/p>\n","protected":false},"excerpt":{"rendered":"<p>El pr\u00f3ximo d\u00eda 6 de diciembre (D\u00eda de la Constituci\u00f3n), la Cofrad\u00eda Penitencial de la Santa Veracruz, nos trae en concierto al grupo ENSAYOcon7\u00a0; 6 mujeres con un repertorio ecl\u00e9ctico que nos pasear\u00e1n por el swing de Duke Ellintong y nos llevar\u00e1n a Brasil recorriendo cl\u00e1sicos como Gershwing o elegidos del pop como George Michael. [&#038;hellip<\/p>\n","protected":false},"author":1,"featured_media":383,"comment_status":"closed","ping_status":"open","sticky":false,"template":"","format":"video","meta":{"advanced_seo_description":"","spay_email":"","jetpack_publicize_message":"","jetpack_is_tweetstorm":false},"categories":[5],"tags":[],"jetpack_featured_media_url":"https:\/\/i0.wp.com\/veracruzdemontilla.com\/wp-content\/uploads\/2013\/10\/ensayocon7.jpg?fit=650%2C400","jetpack_publicize_connections":[],"wpmagazine_modules_lite_featured_media_urls":{"thumbnail":["https:\/\/i0.wp.com\/veracruzdemontilla.com\/wp-content\/uploads\/2013\/10\/ensayocon7.jpg?resize=150%2C150",150,150,true],"cvmm-medium":["https:\/\/i0.wp.com\/veracruzdemontilla.com\/wp-content\/uploads\/2013\/10\/ensayocon7.jpg?resize=300%2C300",300,300,true],"cvmm-medium-plus":["https:\/\/i0.wp.com\/veracruzdemontilla.com\/wp-content\/uploads\/2013\/10\/ensayocon7.jpg?resize=305%2C207",305,207,true],"cvmm-portrait":["https:\/\/i0.wp.com\/veracruzdemontilla.com\/wp-content\/uploads\/2013\/10\/ensayocon7.jpg?resize=400%2C400",400,400,true],"cvmm-medium-square":["https:\/\/i0.wp.com\/veracruzdemontilla.com\/wp-content\/uploads\/2013\/10\/ensayocon7.jpg?resize=600%2C400",600,400,true],"cvmm-large":["https:\/\/i0.wp.com\/veracruzdemontilla.com\/wp-content\/uploads\/2013\/10\/ensayocon7.jpg?resize=650%2C400",650,400,true],"cvmm-small":["https:\/\/i0.wp.com\/veracruzdemontilla.com\/wp-content\/uploads\/2013\/10\/ensayocon7.jpg?resize=130%2C95",130,95,true],"full":["https:\/\/i0.wp.com\/veracruzdemontilla.com\/wp-content\/uploads\/2013\/10\/ensayocon7.jpg?fit=650%2C400",650,400,false]},"categories_names":{"5":{"name":"Actualidad","link":"http:\/\/veracruzdemontilla.com\/?cat=5"}},"tags_names":[],"comments_number":"0","jetpack_sharing_enabled":true,"jetpack_shortlink":"https:\/\/wp.me\/p9INPk-69","jetpack_likes_enabled":true,"jetpack-related-posts":[{"id":456,"url":"http:\/\/veracruzdemontilla.com\/?p=456","url_meta":{"origin":381,"position":0},"title":"Entradas a la venta para el concierto de ENSAYOcon7","date":"18 octubre, 2013","format":false,"excerpt":"A partir del pr\u00f3ximo lunes d\u00eda 21,\u00a0\u00a0ya puedes adquirir tus entradas\u00a0para el concierto de ENSAYOcon7, que nuestra cofrad\u00eda ha programado para el pr\u00f3ximo d\u00eda 6 de diciembre. Puedes adquirirlas en nuestros puntos de venta habituales: \u00a0Estanco de Ram\u00f3n, Centro de Formaci\u00f3n Aral Inform\u00e1tica y Centro Veterinario Doggos, \u00a0o consultando a\u2026","rel":"","context":"En \u00abActualidad\u00bb","img":{"alt_text":"","src":"https:\/\/i0.wp.com\/veracruzdemontilla.com\/wp-content\/uploads\/2013\/10\/ensayocon7_2.png?fit=650%2C400&resize=350%2C200","width":350,"height":200},"classes":[]},{"id":26,"url":"http:\/\/veracruzdemontilla.com\/?p=26","url_meta":{"origin":381,"position":1},"title":"EL MUSICAL H\u00c9RCULES EN MONTILLA","date":"2 octubre, 2012","format":false,"excerpt":"La Cofrad\u00eda de la Santa Vera Cruz, con la colaboraci\u00f3n del Excmo. Ayuntamiento de Montilla y la Diputaci\u00f3n Provincial de C\u00f3rdoba, presenta en nuestra ciudad el musical H\u00e9rcules, un espect\u00e1culo montado por la Compa\u00f1\u00eda Juvenil de Teatro \u201cPadre Santiago Gass\u00edn\u201d procedente del colegio Salesiano de Rota (C\u00e1diz).\u00a0Tras el gran \u00e9xito\u2026","rel":"","context":"En \u00abSin categor\u00eda\u00bb","img":{"alt_text":"","src":"https:\/\/i2.wp.com\/3.bp.blogspot.com\/-IcJpglLHzO8\/UGsKItNXV0I\/AAAAAAAAAzk\/5dKRwMEVQ-U\/s640\/CARTEL%2BHERCULES%2B2012.jpg?resize=350%2C200","width":350,"height":200},"classes":[]},{"id":504,"url":"http:\/\/veracruzdemontilla.com\/?p=504","url_meta":{"origin":381,"position":2},"title":"El montillano Antonio Llamas Vela, nuevo can\u00f3nigo de la Santa Iglesia Catedral de C\u00f3rdoba","date":"24 noviembre, 2013","format":false,"excerpt":"El periodista y p\u00e1rroco de San Lorenzo, Antonio Gil Moreno, y el montillano tres veces doctor (en Teolog\u00eda B\u00edblica, Filolog\u00eda B\u00edblica y Filosof\u00eda y Letras) Antonio Llamas Vela tomaron ayer posesi\u00f3n como can\u00f3nigos de la Santa Iglesia Catedral de C\u00f3rdoba, todo ello siguiendo un rito con ra\u00edces en el siglo\u2026","rel":"","context":"En \u00abActualidad\u00bb","img":{"alt_text":"","src":"https:\/\/i2.wp.com\/veracruzdemontilla.com\/wp-content\/uploads\/2013\/11\/canonigo.jpg?fit=600%2C400&resize=350%2C200","width":350,"height":200},"classes":[]},{"id":35,"url":"http:\/\/veracruzdemontilla.com\/?p=35","url_meta":{"origin":381,"position":3},"title":"Concierto &quot;El mundo de la Zarzuela&quot;","date":"13 febrero, 2012","format":false,"excerpt":"La Camerata IPAGRO regresa a la ciudad de Montilla el pr\u00f3ximo d\u00eda 28 de febrero de 2012 para ofrecer un concierto extraordinario con motivo del D\u00eda de Andaluc\u00eda, organizado por la Cofrad\u00eda Penitencial de la Santa Vera Cruz y con la colaboraci\u00f3n del Ayuntamiento de Montilla.\u00a0En esta ocasi\u00f3n, lo hace\u2026","rel":"","context":"En \u00abSin categor\u00eda\u00bb","img":{"alt_text":"","src":"https:\/\/i0.wp.com\/4.bp.blogspot.com\/-MXQPaGIXxI8\/TzfheP7lBiI\/AAAAAAAAAfk\/53N2ckUftPw\/s400\/CARTEL.jpg?resize=350%2C200","width":350,"height":200},"classes":[]},{"id":477,"url":"http:\/\/veracruzdemontilla.com\/?p=477","url_meta":{"origin":381,"position":4},"title":"Certamen Solidario, \u00abEl Principio de un Sue\u00f1o\u00bb","date":"29 octubre, 2013","format":"video","excerpt":"Desde la Agrupaci\u00f3n Parroquial \"Dulce Nombre\" de Montilla y m\u00e1s concretamente de la Parroquia de Asunci\u00f3n del Barrio de las Casas Nuevas nos llega la informaci\u00f3n del Certamen de bandas solidario \"EL PRINCIPIO DE UN SUE\u00d1O\" El certamen se realizara el pr\u00f3ximo d\u00eda 10 de Noviembre en las naves Municipales\u2026","rel":"","context":"En \u00abActualidad\u00bb","img":{"alt_text":"","src":"https:\/\/i0.wp.com\/veracruzdemontilla.com\/wp-content\/uploads\/2013\/10\/santacena01.jpg?fit=720%2C574&resize=350%2C200","width":350,"height":200},"classes":[]},{"id":1572,"url":"http:\/\/veracruzdemontilla.com\/?p=1572","url_meta":{"origin":381,"position":5},"title":"El Quinario del Cristo de Zacatecas da comienzo a la cuaresma montillana","date":"25 febrero, 2019","format":false,"excerpt":"El pr\u00f3ximo d\u00eda 6 de marzo, Mi\u00e9rcoles de Ceniza, dar\u00e1n comienzo los cultos cuaresmales de la Cofrad\u00eda de la Santa Vera Cruz en honor de sus Sagrados Titulares, el Santo Cristo crucificado de Zacatecas y Santa Mar\u00eda del Socorro, Madre de Dios y Se\u00f1ora Nuestra. Con el Solemne Quinario da\u2026","rel":"","context":"En \u00abActualidad\u00bb","img":{"alt_text":"","src":"https:\/\/i1.wp.com\/veracruzdemontilla.com\/wp-content\/uploads\/2019\/02\/cartel-QUINARIO-copia-2019.jpg?fit=827%2C1200&resize=350%2C200","width":350,"height":200},"classes":[]}],"_links":{"self":[{"href":"http:\/\/veracruzdemontilla.com\/index.php?rest_route=\/wp\/v2\/posts\/381"}],"collection":[{"href":"http:\/\/veracruzdemontilla.com\/index.php?rest_route=\/wp\/v2\/posts"}],"about":[{"href":"http:\/\/veracruzdemontilla.com\/index.php?rest_route=\/wp\/v2\/types\/post"}],"author":[{"embeddable":true,"href":"http:\/\/veracruzdemontilla.com\/index.php?rest_route=\/wp\/v2\/users\/1"}],"replies":[{"embeddable":true,"href":"http:\/\/veracruzdemontilla.com\/index.php?rest_route=%2Fwp%2Fv2%2Fcomments&post=381"}],"version-history":[{"count":5,"href":"http:\/\/veracruzdemontilla.com\/index.php?rest_route=\/wp\/v2\/posts\/381\/revisions"}],"predecessor-version":[{"id":455,"href":"http:\/\/veracruzdemontilla.com\/index.php?rest_route=\/wp\/v2\/posts\/381\/revisions\/455"}],"wp:featuredmedia":[{"embeddable":true,"href":"http:\/\/veracruzdemontilla.com\/index.php?rest_route=\/wp\/v2\/media\/383"}],"wp:attachment":[{"href":"http:\/\/veracruzdemontilla.com\/index.php?rest_route=%2Fwp%2Fv2%2Fmedia&parent=381"}],"wp:term":[{"taxonomy":"category","embeddable":true,"href":"http:\/\/veracruzdemontilla.com\/index.php?rest_route=%2Fwp%2Fv2%2Fcategories&post=381"},{"taxonomy":"post_tag","embeddable":true,"href":"http:\/\/veracruzdemontilla.com\/index.php?rest_route=%2Fwp%2Fv2%2Ftags&post=381"}],"curies":[{"name":"wp","href":"https:\/\/api.w.org\/{rel}","templated":true}]}}