{"id":1367,"date":"2017-04-17T13:00:01","date_gmt":"2017-04-17T11:00:01","guid":{"rendered":"http:\/\/veracruzdemontilla.com\/?p=1367"},"modified":"2017-04-17T13:00:01","modified_gmt":"2017-04-17T11:00:01","slug":"recogida-de-habitos","status":"publish","type":"post","link":"http:\/\/veracruzdemontilla.com\/?p=1367","title":{"rendered":"Recogida de h\u00e1bitos"},"content":{"rendered":"<p style=\"text-align: justify;\">Queridos hermanos,<\/p>\n<p style=\"text-align: justify;\">Aprovechamos este medio para recordaros que la\u00a0<strong>devoluci\u00f3n de h\u00e1bitos<\/strong>, tras la Estaci\u00f3n de Penitencia del Martes Santo, se realizar\u00e1 en nuestra Casa de Hermandad (Casa Parroquial, calle Iglesia) los d\u00edas <strong>17, 18, 19, 20, y 21 de Abril de 20h a 22h<\/strong>.<\/p>\n<p style=\"text-align: justify;\">Desde la Cofrad\u00eda Penitencial de la Santa Vera Cruz, agradecemos a todos aquellos hermanos y devotos que participaron y acompa\u00f1aron a nuestros Sagrados Titulares en la Estaci\u00f3n de Penitencia, que en la medida de lo posible, <strong>devuelvan su h\u00e1bito limpio en los d\u00edas se\u00f1alados<\/strong>.<\/p>\n","protected":false},"excerpt":{"rendered":"<p>Queridos hermanos, Aprovechamos este medio para recordaros que la\u00a0devoluci\u00f3n de h\u00e1bitos, tras la Estaci\u00f3n de Penitencia del Martes Santo, se realizar\u00e1 en nuestra Casa de Hermandad (Casa Parroquial, calle Iglesia) los d\u00edas 17, 18, 19, 20, y 21 de Abril de 20h a 22h. Desde la Cofrad\u00eda Penitencial de la Santa Vera Cruz, agradecemos a [&#038;hellip<\/p>\n","protected":false},"author":1,"featured_media":1368,"comment_status":"closed","ping_status":"open","sticky":false,"template":"","format":"standard","meta":{"advanced_seo_description":"","spay_email":"","jetpack_publicize_message":"","jetpack_is_tweetstorm":false},"categories":[5],"tags":[4],"jetpack_featured_media_url":"https:\/\/i0.wp.com\/veracruzdemontilla.com\/wp-content\/uploads\/2017\/04\/resurrec.jpg?fit=2520%2C1575","jetpack_publicize_connections":[],"wpmagazine_modules_lite_featured_media_urls":{"thumbnail":["https:\/\/i0.wp.com\/veracruzdemontilla.com\/wp-content\/uploads\/2017\/04\/resurrec.jpg?resize=150%2C150",150,150,true],"cvmm-medium":["https:\/\/i0.wp.com\/veracruzdemontilla.com\/wp-content\/uploads\/2017\/04\/resurrec.jpg?resize=300%2C300",300,300,true],"cvmm-medium-plus":["https:\/\/i0.wp.com\/veracruzdemontilla.com\/wp-content\/uploads\/2017\/04\/resurrec.jpg?resize=305%2C207",305,207,true],"cvmm-portrait":["https:\/\/i0.wp.com\/veracruzdemontilla.com\/wp-content\/uploads\/2017\/04\/resurrec.jpg?resize=400%2C600",400,600,true],"cvmm-medium-square":["https:\/\/i0.wp.com\/veracruzdemontilla.com\/wp-content\/uploads\/2017\/04\/resurrec.jpg?resize=600%2C600",600,600,true],"cvmm-large":["https:\/\/i0.wp.com\/veracruzdemontilla.com\/wp-content\/uploads\/2017\/04\/resurrec.jpg?resize=1024%2C1024",1024,1024,true],"cvmm-small":["https:\/\/i0.wp.com\/veracruzdemontilla.com\/wp-content\/uploads\/2017\/04\/resurrec.jpg?resize=130%2C95",130,95,true],"full":["https:\/\/i0.wp.com\/veracruzdemontilla.com\/wp-content\/uploads\/2017\/04\/resurrec.jpg?fit=2520%2C1575",2520,1575,false]},"categories_names":{"5":{"name":"Actualidad","link":"http:\/\/veracruzdemontilla.com\/?cat=5"}},"tags_names":{"4":{"name":"Favoritos","link":"http:\/\/veracruzdemontilla.com\/?tag=favoritos"}},"comments_number":"0","jetpack_sharing_enabled":true,"jetpack_shortlink":"https:\/\/wp.me\/p9INPk-m3","jetpack_likes_enabled":true,"jetpack-related-posts":[{"id":1058,"url":"http:\/\/veracruzdemontilla.com\/?p=1058","url_meta":{"origin":1367,"position":0},"title":"Alquiler de t\u00fanicas y papeletas de sitio","date":"24 marzo, 2015","format":false,"excerpt":"Con motivo de la pr\u00f3xima Estaci\u00f3n de Penitencia del d\u00eda 31\u00a0de marzo, Martes Santo, con salida a las 20:30\u00a0horas y llegada a las 00:00 horas, y con objeto de tener informados de manera r\u00e1pida y \u00e1gil a todos los hermanos, nos dirigimos con la presente para exponeros las fechas y\u2026","rel":"","context":"En \u00abActualidad\u00bb","img":{"alt_text":"","src":"https:\/\/i2.wp.com\/veracruzdemontilla.com\/wp-content\/uploads\/2015\/03\/ALQUILER-DE-TUNICAS.jpg?fit=640%2C400&resize=350%2C200","width":350,"height":200},"classes":[]},{"id":1334,"url":"http:\/\/veracruzdemontilla.com\/?p=1334","url_meta":{"origin":1367,"position":1},"title":"Retirada de Papeleta de Sitio y Alquiler de H\u00e1bito","date":"30 marzo, 2017","format":false,"excerpt":"Con motivo de la pr\u00f3xima Estaci\u00f3n de Penitencia del d\u00eda 11 de abril, Martes Santo, con salida a las 20:00 h y llegada a las 00:00 horas, y con objeto de tener informados de manera r\u00e1pida y \u00e1gil a todos los hermanos, nos dirigimos con la presente para exponeros todas\u2026","rel":"","context":"En \u00abActualidad\u00bb","img":{"alt_text":"","src":"https:\/\/i1.wp.com\/veracruzdemontilla.com\/wp-content\/uploads\/2017\/03\/titulares_altar.jpg?fit=640%2C400&resize=350%2C200","width":350,"height":200},"classes":[]},{"id":650,"url":"http:\/\/veracruzdemontilla.com\/?p=650","url_meta":{"origin":1367,"position":2},"title":"Alquiler de t\u00fanicas y Papeletas de sitio","date":"6 abril, 2014","format":false,"excerpt":"Con motivo de la pr\u00f3xima Estaci\u00f3n de Penitencia del d\u00eda 15 de abril, Martes Santo, con salida a las 20:00 h y llegada a las 00:00 horas, y con objeto de tener informados de manera r\u00e1pida y \u00e1gil a todos los hermanos, nos dirigimos con la presente para exponeros todas\u2026","rel":"","context":"En \u00abActualidad\u00bb","img":{"alt_text":"","src":"https:\/\/i0.wp.com\/veracruzdemontilla.com\/wp-content\/uploads\/2014\/03\/alquilerhabitos.jpg?fit=640%2C400&resize=350%2C200","width":350,"height":200},"classes":[]},{"id":1587,"url":"http:\/\/veracruzdemontilla.com\/?p=1587","url_meta":{"origin":1367,"position":3},"title":"Retirada de papeleta de sitio y alquiler de h\u00e1bitos nazarenos 2019","date":"28 marzo, 2019","format":false,"excerpt":"La semana del 1 de abril al 5 de abril todos aquellos hermanos que deseen acompa\u00f1ar a nuestros Sagrados Titulares, el Santo Cristo de Zacatecas y Santa Mar\u00eda del Socorro, en su Estaci\u00f3n de penitencia por las calles de nuestra ciudad el pr\u00f3ximo Martes Santo podr\u00e1n retirar la papeleta de\u2026","rel":"","context":"En \u00abActualidad\u00bb","img":{"alt_text":"","src":"https:\/\/i0.wp.com\/veracruzdemontilla.com\/wp-content\/uploads\/2019\/03\/Cartel-alquiler-t\u00fanicas.png?fit=960%2C720&resize=350%2C200","width":350,"height":200},"classes":[]},{"id":1903,"url":"http:\/\/veracruzdemontilla.com\/?p=1903","url_meta":{"origin":1367,"position":4},"title":"Retirada de papeleta de sitio","date":"27 marzo, 2025","format":false,"excerpt":"Durante esta semana, del lunes 24 al 28 de marzo, todos los hermanos que deseen participar en la estaci\u00f3n de penitencia del pr\u00f3ximo Martes Santo podr\u00e1n retirar su papeleta de sitio en la casa parroquial, en horario de 19:00 h a 20:30 h. Asimismo, tanto los hermanos nazarenos, como los\u2026","rel":"","context":"En \u00abHermanos\u00bb","img":{"alt_text":"","src":"https:\/\/i0.wp.com\/veracruzdemontilla.com\/wp-content\/uploads\/2025\/03\/Alquiler-tunicas-2025.jpg?fit=1080%2C1080&resize=350%2C200","width":350,"height":200},"classes":[]},{"id":76,"url":"http:\/\/veracruzdemontilla.com\/?p=76","url_meta":{"origin":1367,"position":5},"title":"Alquiler de t\u00fanicas y recogida de papeleta de sitio","date":"16 marzo, 2010","format":false,"excerpt":"Los hermanos y devotos de la Vera Cruz que deseen acompa\u00f1ar a nuestros Sagrados Titulares en su Estaci\u00f3n de Penitencia del pr\u00f3ximo Martes Santo podr\u00e1n recoger su papeleta de sitio y alquilar el h\u00e1bito nazareno entre los d\u00edas 22 y 27 de marzo de 19.30h a 22.00h en la Parroquia\u2026","rel":"","context":"En \u00abSin categor\u00eda\u00bb","img":{"alt_text":"","src":"","width":0,"height":0},"classes":[]}],"_links":{"self":[{"href":"http:\/\/veracruzdemontilla.com\/index.php?rest_route=\/wp\/v2\/posts\/1367"}],"collection":[{"href":"http:\/\/veracruzdemontilla.com\/index.php?rest_route=\/wp\/v2\/posts"}],"about":[{"href":"http:\/\/veracruzdemontilla.com\/index.php?rest_route=\/wp\/v2\/types\/post"}],"author":[{"embeddable":true,"href":"http:\/\/veracruzdemontilla.com\/index.php?rest_route=\/wp\/v2\/users\/1"}],"replies":[{"embeddable":true,"href":"http:\/\/veracruzdemontilla.com\/index.php?rest_route=%2Fwp%2Fv2%2Fcomments&post=1367"}],"version-history":[{"count":1,"href":"http:\/\/veracruzdemontilla.com\/index.php?rest_route=\/wp\/v2\/posts\/1367\/revisions"}],"predecessor-version":[{"id":1369,"href":"http:\/\/veracruzdemontilla.com\/index.php?rest_route=\/wp\/v2\/posts\/1367\/revisions\/1369"}],"wp:featuredmedia":[{"embeddable":true,"href":"http:\/\/veracruzdemontilla.com\/index.php?rest_route=\/wp\/v2\/media\/1368"}],"wp:attachment":[{"href":"http:\/\/veracruzdemontilla.com\/index.php?rest_route=%2Fwp%2Fv2%2Fmedia&parent=1367"}],"wp:term":[{"taxonomy":"category","embeddable":true,"href":"http:\/\/veracruzdemontilla.com\/index.php?rest_route=%2Fwp%2Fv2%2Fcategories&post=1367"},{"taxonomy":"post_tag","embeddable":true,"href":"http:\/\/veracruzdemontilla.com\/index.php?rest_route=%2Fwp%2Fv2%2Ftags&post=1367"}],"curies":[{"name":"wp","href":"https:\/\/api.w.org\/{rel}","templated":true}]}}