{"id":1358,"date":"2017-04-16T10:46:34","date_gmt":"2017-04-16T08:46:34","guid":{"rendered":"http:\/\/veracruzdemontilla.com\/?p=1358"},"modified":"2017-04-16T10:52:20","modified_gmt":"2017-04-16T08:52:20","slug":"las-mejores-imagenes-del-martes-santo-en-canal-sur","status":"publish","type":"post","link":"http:\/\/veracruzdemontilla.com\/?p=1358","title":{"rendered":"Las mejores im\u00e1genes del Martes Santo, en Canal Sur"},"content":{"rendered":"<p style=\"text-align: justify;\">A lo largo de toda la Semana Santa, <strong>Canal Sur Televisi\u00f3n<\/strong>\u00a0ha alargado su horario habitual para\u00a0ofrecernos a diario un programa de dos horas dedicado \u00edntegramente a mostrarnos las im\u00e1genes m\u00e1s pr\u00f3ximas de cada paso o trono que procesionan por nuestra tierra.<\/p>\n<p style=\"text-align: justify;\">De este modo, el pasado martes 11 de abril (a partir de las 18:00 horas) pudimos ver im\u00e1genes y sonidos de las procesiones de las ocho capitales andaluzas. En <strong>Sevilla<\/strong>\u00a0pudimos disfrutar de\u00a0\u00abLa Candelaria\u00bb, \u00abEl Cerro\u00bb, \u00abSan Benito\u00bb, \u00abLos Javieres\u00bb, \u00abSan Esteban\u00bb y \u00abLos Estudiantes\u00bb. En <strong>Granada<\/strong>\u00a0acompa\u00f1amos al \u00abGran Poder\u00bb y a la \u00abEsperanza Macarena\u00bb.<\/p>\n<p style=\"text-align: justify;\">Y en <strong>C\u00f3rdoba, <\/strong>Canal Sur acerc\u00f3 a todos los andaluces\u00a0a las procesiones de \u00abLa Agon\u00eda\u00bb, \u00abUniversitaria\u00bb, \u00abLa Sangre\u00bb, \u00abEl Buen Suceso\u00bb, y a nuestra \u00abCofrad\u00eda de la Santa Vera Cruz\u00bb de <strong>Montilla<\/strong>.<\/p>\n<div style=\"width: 854px;\" class=\"wp-video\"><!--[if lt IE 9]><script>document.createElement('video');<\/script><![endif]--><br \/>\n<video class=\"wp-video-shortcode\" id=\"video-1358-1\" width=\"854\" height=\"480\" poster=\"http:\/\/veracruzdemontilla.com\/wp-content\/uploads\/2016\/03\/paseo_cervantes.jpg\" preload=\"metadata\" controls=\"controls\"><source type=\"video\/mp4\" src=\"http:\/\/veracruzdemontilla.com\/wp-content\/uploads\/2017\/04\/canalsur_2017.mp4?_=1\" \/><a href=\"http:\/\/veracruzdemontilla.com\/wp-content\/uploads\/2017\/04\/canalsur_2017.mp4\">http:\/\/veracruzdemontilla.com\/wp-content\/uploads\/2017\/04\/canalsur_2017.mp4<\/a><\/video><\/div>\n<p style=\"text-align: justify;\">A su vez, Canal Sur Radio ha realizado\u00a0este a\u00f1o cerca de 500 horas de transmisi\u00f3n local en directo a trav\u00e9s de todos sus centros de producci\u00f3n, trat\u00e1ndose\u00a0de una de las programaciones locales m\u00e1s amplias de todas cuantas se realizan en el mundo radiof\u00f3nico.<\/p>\n<p style=\"text-align: justify;\"><em>Video: \u00a0<a href=\"http:\/\/www.canalsur.es\">Canal Sur Televisi\u00f3n<\/a><\/em><\/p>\n","protected":false},"excerpt":{"rendered":"<p>A lo largo de toda la Semana Santa, Canal Sur Televisi\u00f3n\u00a0ha alargado su horario habitual para\u00a0ofrecernos a diario un programa de dos horas dedicado \u00edntegramente a mostrarnos las im\u00e1genes m\u00e1s pr\u00f3ximas de cada paso o trono que procesionan por nuestra tierra. De este modo, el pasado martes 11 de abril (a partir de las 18:00 [&#038;hellip<\/p>\n","protected":false},"author":1,"featured_media":1360,"comment_status":"closed","ping_status":"open","sticky":false,"template":"","format":"video","meta":{"advanced_seo_description":"","spay_email":"","jetpack_publicize_message":"","jetpack_is_tweetstorm":false},"categories":[5],"tags":[4],"jetpack_featured_media_url":"https:\/\/i2.wp.com\/veracruzdemontilla.com\/wp-content\/uploads\/2017\/04\/canalsur.jpg?fit=640%2C400","jetpack_publicize_connections":[],"wpmagazine_modules_lite_featured_media_urls":{"thumbnail":["https:\/\/i2.wp.com\/veracruzdemontilla.com\/wp-content\/uploads\/2017\/04\/canalsur.jpg?resize=150%2C150",150,150,true],"cvmm-medium":["https:\/\/i2.wp.com\/veracruzdemontilla.com\/wp-content\/uploads\/2017\/04\/canalsur.jpg?resize=300%2C300",300,300,true],"cvmm-medium-plus":["https:\/\/i2.wp.com\/veracruzdemontilla.com\/wp-content\/uploads\/2017\/04\/canalsur.jpg?resize=305%2C207",305,207,true],"cvmm-portrait":["https:\/\/i2.wp.com\/veracruzdemontilla.com\/wp-content\/uploads\/2017\/04\/canalsur.jpg?resize=400%2C400",400,400,true],"cvmm-medium-square":["https:\/\/i2.wp.com\/veracruzdemontilla.com\/wp-content\/uploads\/2017\/04\/canalsur.jpg?resize=600%2C400",600,400,true],"cvmm-large":["https:\/\/i2.wp.com\/veracruzdemontilla.com\/wp-content\/uploads\/2017\/04\/canalsur.jpg?resize=640%2C400",640,400,true],"cvmm-small":["https:\/\/i2.wp.com\/veracruzdemontilla.com\/wp-content\/uploads\/2017\/04\/canalsur.jpg?resize=130%2C95",130,95,true],"full":["https:\/\/i2.wp.com\/veracruzdemontilla.com\/wp-content\/uploads\/2017\/04\/canalsur.jpg?fit=640%2C400",640,400,false]},"categories_names":{"5":{"name":"Actualidad","link":"http:\/\/veracruzdemontilla.com\/?cat=5"}},"tags_names":{"4":{"name":"Favoritos","link":"http:\/\/veracruzdemontilla.com\/?tag=favoritos"}},"comments_number":"0","jetpack_sharing_enabled":true,"jetpack_shortlink":"https:\/\/wp.me\/p9INPk-lU","jetpack_likes_enabled":true,"jetpack-related-posts":[{"id":1306,"url":"http:\/\/veracruzdemontilla.com\/?p=1306","url_meta":{"origin":1358,"position":0},"title":"Martes Santo, d\u00eda grande en Montilla","date":"24 marzo, 2016","format":"video","excerpt":"Montilla vivi\u00f3 ayer uno de sus d\u00edas grandes de la Semana Santa, gracias a las tres cofrad\u00edas que se echaron a la calle. La primera en celebrar su estaci\u00f3n de penitencia, desde la parroquia de Santiago Ap\u00f3stol, fue la Cofrad\u00eda Penitencial de la Santa Vera Cruz, cuyas im\u00e1genes titulares, el\u2026","rel":"","context":"En \u00abActualidad\u00bb","img":{"alt_text":"","src":"https:\/\/i2.wp.com\/veracruzdemontilla.com\/wp-content\/uploads\/2016\/03\/paseo_cervantes.jpg?fit=640%2C400&resize=350%2C200","width":350,"height":200},"classes":[]},{"id":1041,"url":"http:\/\/veracruzdemontilla.com\/?p=1041","url_meta":{"origin":1358,"position":1},"title":"Nuestra Cofrad\u00eda vuelve a sacar a la venta el libro \u00abEl preg\u00f3n de la Semana Santa de Montilla\u00bb","date":"11 marzo, 2015","format":false,"excerpt":"La pasada Cuaresma (a\u00f1o 2014), en\u00a0la Bas\u00edlica de San Juan de \u00c1vila, tuvo\u00a0lugar la presentaci\u00f3n del libro \u201cEl Preg\u00f3n de la Semana Santa de Montilla\u201c, editado por nuestra Cofrad\u00eda. El acto del Preg\u00f3n, es el anuncio general que a\u00f1o tras a\u00f1o nos hace saber que las tradicionales procesiones de Semana\u2026","rel":"","context":"En \u00abActualidad\u00bb","img":{"alt_text":"","src":"https:\/\/i1.wp.com\/veracruzdemontilla.com\/wp-content\/uploads\/2015\/03\/pregon2015.jpg?fit=640%2C400&resize=350%2C200","width":350,"height":200},"classes":[]},{"id":1087,"url":"http:\/\/veracruzdemontilla.com\/?p=1087","url_meta":{"origin":1358,"position":2},"title":"La brigada espa\u00f1ola en L\u00edbano celebr\u00f3 tambi\u00e9n la Semana Santa","date":"9 abril, 2015","format":false,"excerpt":"Durante la pasada semana los componentes de la Brigada L\u00edbano XXI, de la que forman parte soldados de la Brimz X de Cerro Muriano, pudieron participar de la Semana Santa a trav\u00e9s de diversos actos que han tenido lugar tanto en el interior de la Base como en las localidades\u2026","rel":"","context":"En \u00abActualidad\u00bb","img":{"alt_text":"","src":"https:\/\/i0.wp.com\/veracruzdemontilla.com\/wp-content\/uploads\/2015\/04\/libano-cordoba-semanasanta-644x362.jpg?fit=640%2C400&resize=350%2C200","width":350,"height":200},"classes":[]},{"id":2360,"url":"http:\/\/veracruzdemontilla.com\/?p=2360","url_meta":{"origin":1358,"position":3},"title":"El Cristo de Zacatecas y la Virgen del Socorro har\u00e1n su salida desde la Santa Iglesia Catedral","date":"5 junio, 2025","format":false,"excerpt":"El Santo Cristo de Zacatecas y Santa Mar\u00eda del Socorro, Madre de Dios y Se\u00f1ora Nuestra, titulares de la Cofrad\u00eda Penitencial de la Santa Vera Cruz, har\u00e1n su salida procesional desde la Santa Iglesia Catedral de C\u00f3rdoba, templo dedicado a Nuestra Se\u00f1ora de la Asunci\u00f3n que es cabeza y madre\u2026","rel":"","context":"En \u00abActualidad\u00bb","img":{"alt_text":"","src":"https:\/\/i0.wp.com\/veracruzdemontilla.com\/wp-content\/uploads\/2025\/06\/WhatsApp-Image-2025-06-05-at-09.28.45.jpeg?fit=900%2C1200&resize=350%2C200","width":350,"height":200},"classes":[]},{"id":2161,"url":"http:\/\/veracruzdemontilla.com\/?p=2161","url_meta":{"origin":1358,"position":4},"title":"Solemne besapi\u00e9s y besamanos del Viernes de Dolores","date":"11 abril, 2025","format":false,"excerpt":"Cada Viernes de Dolores la Parroquia de Santiago se convierte en un hervidero de devotos del Crucificado de Zacatecas y de Santa Mar\u00eda del Socorro. Durante la tarde noche de la jornada que inaugura las v\u00edsperas de la Semana Santa, nuestros titulares permanecen expuestos en devoto besapi\u00e9s y besamanos para\u2026","rel":"","context":"En \u00abActualidad\u00bb","img":{"alt_text":"","src":"https:\/\/i2.wp.com\/veracruzdemontilla.com\/wp-content\/uploads\/2025\/04\/WhatsApp-Image-2025-04-10-at-14.36.30.jpeg?fit=1057%2C793&resize=350%2C200","width":350,"height":200},"classes":[]},{"id":37,"url":"http:\/\/veracruzdemontilla.com\/?p=37","url_meta":{"origin":1358,"position":5},"title":"Los crucificados que llegaron de Am\u00e9rica","date":"13 enero, 2012","format":false,"excerpt":"El profesor Joaqu\u00edn Arquillo ha localizado en la provincia de Sevilla m\u00e1s de 30 im\u00e1genes realizadas con t\u00e9cnicas mexicanas del siglo XVII \u00a0Publicado: Alberto Mallado \/ Sevilla D\u00eda 26\/12\/2011 - 23.12hLos crucificados que llegaron de Am\u00e9ricaEn el XVII el puerto de Sevilla herv\u00eda de ex\u00f3ticas mercanc\u00edas llegadas de Am\u00e9rica que\u2026","rel":"","context":"En \u00abSin categor\u00eda\u00bb","img":{"alt_text":"","src":"","width":0,"height":0},"classes":[]}],"_links":{"self":[{"href":"http:\/\/veracruzdemontilla.com\/index.php?rest_route=\/wp\/v2\/posts\/1358"}],"collection":[{"href":"http:\/\/veracruzdemontilla.com\/index.php?rest_route=\/wp\/v2\/posts"}],"about":[{"href":"http:\/\/veracruzdemontilla.com\/index.php?rest_route=\/wp\/v2\/types\/post"}],"author":[{"embeddable":true,"href":"http:\/\/veracruzdemontilla.com\/index.php?rest_route=\/wp\/v2\/users\/1"}],"replies":[{"embeddable":true,"href":"http:\/\/veracruzdemontilla.com\/index.php?rest_route=%2Fwp%2Fv2%2Fcomments&post=1358"}],"version-history":[{"count":6,"href":"http:\/\/veracruzdemontilla.com\/index.php?rest_route=\/wp\/v2\/posts\/1358\/revisions"}],"predecessor-version":[{"id":1366,"href":"http:\/\/veracruzdemontilla.com\/index.php?rest_route=\/wp\/v2\/posts\/1358\/revisions\/1366"}],"wp:featuredmedia":[{"embeddable":true,"href":"http:\/\/veracruzdemontilla.com\/index.php?rest_route=\/wp\/v2\/media\/1360"}],"wp:attachment":[{"href":"http:\/\/veracruzdemontilla.com\/index.php?rest_route=%2Fwp%2Fv2%2Fmedia&parent=1358"}],"wp:term":[{"taxonomy":"category","embeddable":true,"href":"http:\/\/veracruzdemontilla.com\/index.php?rest_route=%2Fwp%2Fv2%2Fcategories&post=1358"},{"taxonomy":"post_tag","embeddable":true,"href":"http:\/\/veracruzdemontilla.com\/index.php?rest_route=%2Fwp%2Fv2%2Ftags&post=1358"}],"curies":[{"name":"wp","href":"https:\/\/api.w.org\/{rel}","templated":true}]}}