{"id":1353,"date":"2017-04-11T13:38:16","date_gmt":"2017-04-11T11:38:16","guid":{"rendered":"http:\/\/veracruzdemontilla.com\/?p=1353"},"modified":"2017-04-11T13:38:16","modified_gmt":"2017-04-11T11:38:16","slug":"todo-preparado-para-este-martes-santo","status":"publish","type":"post","link":"http:\/\/veracruzdemontilla.com\/?p=1353","title":{"rendered":"Todo preparado para este Martes Santo"},"content":{"rendered":"<p style=\"text-align: justify;\">Un\u00a0a\u00f1o m\u00e1s, tres cofrad\u00edas celebraremos estaci\u00f3n de penitencia en este Martes Santo, comenzando en la parroquia de Santiago, donde saldremos la Cofrad\u00eda Penitencial de la Santa Vera Cruz. El cortejo permitir\u00e1 contemplar de nuevo la impresionante imagen del Santo Cristo de Zacatecas, una vez se abran las puertas de la parroquia de Santiago Ap\u00f3stol.<\/p>\n<p style=\"text-align: justify;\">A las 20.30 de esta tarde tendr\u00e1 salida al cortejo de nuestra Cofrad\u00eda, y que retornar\u00e1 al templo mayor de Montilla poco despu\u00e9s de la medianoche.<\/p>\n<p style=\"text-align: justify;\">Un a\u00f1o m\u00e1s, estaremos acompa\u00f1ados por la Banda de Cornetas y Tambores de la Brigada de Infanter\u00eda Mecanizada \u00abGuzm\u00e1n el Bueno\u00bb X, que completar\u00e1 el recorrido junto a la tradicional escuadra de gastadores y banderines.<\/p>\n","protected":false},"excerpt":{"rendered":"<p>Un\u00a0a\u00f1o m\u00e1s, tres cofrad\u00edas celebraremos estaci\u00f3n de penitencia en este Martes Santo, comenzando en la parroquia de Santiago, donde saldremos la Cofrad\u00eda Penitencial de la Santa Vera Cruz. El cortejo permitir\u00e1 contemplar de nuevo la impresionante imagen del Santo Cristo de Zacatecas, una vez se abran las puertas de la parroquia de Santiago Ap\u00f3stol. A [&#038;hellip<\/p>\n","protected":false},"author":1,"featured_media":1354,"comment_status":"closed","ping_status":"open","sticky":false,"template":"","format":"standard","meta":{"advanced_seo_description":"","spay_email":"","jetpack_publicize_message":"","jetpack_is_tweetstorm":false},"categories":[5],"tags":[4],"jetpack_featured_media_url":"https:\/\/i2.wp.com\/veracruzdemontilla.com\/wp-content\/uploads\/2017\/04\/Sin-t\u00edtulo-1.jpg?fit=3780%2C2362","jetpack_publicize_connections":[],"wpmagazine_modules_lite_featured_media_urls":{"thumbnail":["https:\/\/i2.wp.com\/veracruzdemontilla.com\/wp-content\/uploads\/2017\/04\/Sin-t\u00edtulo-1.jpg?resize=150%2C150",150,150,true],"cvmm-medium":["https:\/\/i2.wp.com\/veracruzdemontilla.com\/wp-content\/uploads\/2017\/04\/Sin-t\u00edtulo-1.jpg?resize=300%2C300",300,300,true],"cvmm-medium-plus":["https:\/\/i2.wp.com\/veracruzdemontilla.com\/wp-content\/uploads\/2017\/04\/Sin-t\u00edtulo-1.jpg?resize=305%2C207",305,207,true],"cvmm-portrait":["https:\/\/i2.wp.com\/veracruzdemontilla.com\/wp-content\/uploads\/2017\/04\/Sin-t\u00edtulo-1.jpg?resize=400%2C600",400,600,true],"cvmm-medium-square":["https:\/\/i2.wp.com\/veracruzdemontilla.com\/wp-content\/uploads\/2017\/04\/Sin-t\u00edtulo-1.jpg?resize=600%2C600",600,600,true],"cvmm-large":["https:\/\/i2.wp.com\/veracruzdemontilla.com\/wp-content\/uploads\/2017\/04\/Sin-t\u00edtulo-1.jpg?resize=1024%2C1024",1024,1024,true],"cvmm-small":["https:\/\/i2.wp.com\/veracruzdemontilla.com\/wp-content\/uploads\/2017\/04\/Sin-t\u00edtulo-1.jpg?resize=130%2C95",130,95,true],"full":["https:\/\/i2.wp.com\/veracruzdemontilla.com\/wp-content\/uploads\/2017\/04\/Sin-t\u00edtulo-1.jpg?fit=3780%2C2362",3780,2362,false]},"categories_names":{"5":{"name":"Actualidad","link":"http:\/\/veracruzdemontilla.com\/?cat=5"}},"tags_names":{"4":{"name":"Favoritos","link":"http:\/\/veracruzdemontilla.com\/?tag=favoritos"}},"comments_number":"0","jetpack_sharing_enabled":true,"jetpack_shortlink":"https:\/\/wp.me\/p9INPk-lP","jetpack_likes_enabled":true,"jetpack-related-posts":[{"id":588,"url":"http:\/\/veracruzdemontilla.com\/?p=588","url_meta":{"origin":1353,"position":0},"title":"El Cristo de Zacatecas y el RIMZ C\u00f3rdoba 10","date":"22 marzo, 2014","format":false,"excerpt":"Las puertas de la parroquia de Santiago se abrir\u00e1n a las 20.00h del martes santo, para dar salida al cortejo de la Cofrad\u00eda Penitencial de la Santa Vera Cruz. El cortejo, que retornar\u00e1 al templo mayor de Montilla en torno a la medianoche, se abrir\u00e1 con la cruz de gu\u00eda\u2026","rel":"","context":"En \u00abActualidad\u00bb","img":{"alt_text":"","src":"https:\/\/i0.wp.com\/veracruzdemontilla.com\/wp-content\/uploads\/2014\/03\/ssanta4.jpg?fit=640%2C400&resize=350%2C200","width":350,"height":200},"classes":[]},{"id":1347,"url":"http:\/\/veracruzdemontilla.com\/?p=1347","url_meta":{"origin":1353,"position":1},"title":"V\u00eda Crucis del Sant\u00edsimo Cristo de Zacatecas","date":"4 abril, 2017","format":false,"excerpt":"El pr\u00f3ximo s\u00e1bado, 8\u00a0de abril, \u00a0tendr\u00e1 lugar el V\u00eda Crucis de nuestro Titular, dando comienzo a las 20:30\u00a0de la noche, y realizando su recorrido, a hombros de nuestros costaleros, por diversas calles del popular barrio de La Escuchuela. El cortejo ser\u00e1\u00a0acompa\u00f1ado por nuestros hermanos y todos aquellos devotos y vecinos\u2026","rel":"","context":"En \u00abActualidad\u00bb","img":{"alt_text":"","src":"https:\/\/i2.wp.com\/veracruzdemontilla.com\/wp-content\/uploads\/2017\/04\/17.jpg?fit=640%2C400&resize=350%2C200","width":350,"height":200},"classes":[]},{"id":13,"url":"http:\/\/veracruzdemontilla.com\/?p=13","url_meta":{"origin":1353,"position":2},"title":"Alquiler de t\u00fanicas y papeleta de sitio","date":"13 marzo, 2013","format":false,"excerpt":"Estimados hermanos de la Vera Cruz:Como cada a\u00f1o la Cofrad\u00eda ofrece el alquiler del h\u00e1bito nazareno a los hermanos que quieran acompa\u00f1ar a nuestros Sagrados Titulares en su estaci\u00f3n de penitencia del pr\u00f3ximo Martes Santo. El alquiler de t\u00fanicas tendr\u00e1 lugar del 18 al 23 de marzo de 20-22h en\u2026","rel":"","context":"En \u00abSin categor\u00eda\u00bb","img":{"alt_text":"","src":"","width":0,"height":0},"classes":[]},{"id":2149,"url":"http:\/\/veracruzdemontilla.com\/?p=2149","url_meta":{"origin":1353,"position":3},"title":"A la espera de un nuevo Martes Santo","date":"8 abril, 2025","format":false,"excerpt":"Solo una semana para otro Martes Santo. El pr\u00f3ximo 15 de abril (D.m.) las puertas de la Parroquia de Santiago volver\u00e1n a abrirse para inaugurar un nuevo Martes Santo cuando el trono en el que procesionan el Santo Cristo de Zacatecas y Santa Mar\u00eda del Socorro, Madre de Dios y\u2026","rel":"","context":"En \u00abMartes Santo\u00bb","img":{"alt_text":"","src":"https:\/\/i2.wp.com\/veracruzdemontilla.com\/wp-content\/uploads\/2025\/04\/Martes-Santo-2025.jpg?fit=960%2C1200&resize=350%2C200","width":350,"height":200},"classes":[]},{"id":627,"url":"http:\/\/veracruzdemontilla.com\/?p=627","url_meta":{"origin":1353,"position":4},"title":"Actos Culturales y Religiosos","date":"25 febrero, 2014","format":false,"excerpt":"Querido hermano: Se acerca la Cuaresma, un per\u00edodo de reflexi\u00f3n y preparaci\u00f3n para renovar nuestro compromiso como cristianos y acercarnos as\u00ed al misterio de la Pasi\u00f3n, Muerte y Resurrecci\u00f3n de Nuestro Se\u00f1or Jesucristo. Comienza, por tanto, la cuenta atr\u00e1s que nos conducir\u00e1 hasta el martes 15 de abril, d\u00eda ansiado\u2026","rel":"","context":"En \u00abActualidad\u00bb","img":{"alt_text":"","src":"https:\/\/i2.wp.com\/veracruzdemontilla.com\/wp-content\/uploads\/2014\/02\/actos20141.jpg?fit=640%2C400&resize=350%2C200","width":350,"height":200},"classes":[]},{"id":1600,"url":"http:\/\/veracruzdemontilla.com\/?p=1600","url_meta":{"origin":1353,"position":5},"title":"Solemne Viacrucis de Entronizaci\u00f3n del Santo Cristo de Zacatecas","date":"11 abril, 2019","format":false,"excerpt":"En la antesala de la Semana Santa montillana, el pr\u00f3ximo S\u00e1bado de Pasi\u00f3n 13 de abril, el Cristo de Zacatecas ser\u00e1 trasladado a su paso en el que quedar\u00e1 entronizado de cara a la Estaci\u00f3n de Penitencia del Martes Santo. La entronizaci\u00f3n se producir\u00e1 en la \u00faltima estaci\u00f3n del rezo\u2026","rel":"","context":"En \u00abActualidad\u00bb","img":{"alt_text":"","src":"https:\/\/i0.wp.com\/veracruzdemontilla.com\/wp-content\/uploads\/2019\/04\/Viacrucis-2019-bn.jpg?fit=1182%2C1182&resize=350%2C200","width":350,"height":200},"classes":[]}],"_links":{"self":[{"href":"http:\/\/veracruzdemontilla.com\/index.php?rest_route=\/wp\/v2\/posts\/1353"}],"collection":[{"href":"http:\/\/veracruzdemontilla.com\/index.php?rest_route=\/wp\/v2\/posts"}],"about":[{"href":"http:\/\/veracruzdemontilla.com\/index.php?rest_route=\/wp\/v2\/types\/post"}],"author":[{"embeddable":true,"href":"http:\/\/veracruzdemontilla.com\/index.php?rest_route=\/wp\/v2\/users\/1"}],"replies":[{"embeddable":true,"href":"http:\/\/veracruzdemontilla.com\/index.php?rest_route=%2Fwp%2Fv2%2Fcomments&post=1353"}],"version-history":[{"count":1,"href":"http:\/\/veracruzdemontilla.com\/index.php?rest_route=\/wp\/v2\/posts\/1353\/revisions"}],"predecessor-version":[{"id":1355,"href":"http:\/\/veracruzdemontilla.com\/index.php?rest_route=\/wp\/v2\/posts\/1353\/revisions\/1355"}],"wp:featuredmedia":[{"embeddable":true,"href":"http:\/\/veracruzdemontilla.com\/index.php?rest_route=\/wp\/v2\/media\/1354"}],"wp:attachment":[{"href":"http:\/\/veracruzdemontilla.com\/index.php?rest_route=%2Fwp%2Fv2%2Fmedia&parent=1353"}],"wp:term":[{"taxonomy":"category","embeddable":true,"href":"http:\/\/veracruzdemontilla.com\/index.php?rest_route=%2Fwp%2Fv2%2Fcategories&post=1353"},{"taxonomy":"post_tag","embeddable":true,"href":"http:\/\/veracruzdemontilla.com\/index.php?rest_route=%2Fwp%2Fv2%2Ftags&post=1353"}],"curies":[{"name":"wp","href":"https:\/\/api.w.org\/{rel}","templated":true}]}}