{"id":1048,"date":"2015-03-21T10:33:45","date_gmt":"2015-03-21T09:33:45","guid":{"rendered":"http:\/\/veracruzdemontilla.com\/?p=1048"},"modified":"2015-03-20T10:39:27","modified_gmt":"2015-03-20T09:39:27","slug":"revista-vera-cruz-numero-13","status":"publish","type":"post","link":"http:\/\/veracruzdemontilla.com\/?p=1048","title":{"rendered":"Revista \u00abVera Cruz\u00bb, n\u00famero 13"},"content":{"rendered":"<p><strong>Ya est\u00e1 disponible al p\u00fablico general para su descarga.<\/strong><\/p>\n<p style=\"text-align: justify;\">Durante estos d\u00edas todos los hermanos de nuestra cofrad\u00eda, recibir\u00e9is en vuestros hogares el n\u00famero 13\u00a0de nuestra tradicional revista de Cuaresma \u00abVera Cruz\u00bb. Como en a\u00f1os anteriores, la Cofrad\u00eda\u00a0dedica su publicaci\u00f3n a\u00a0distintos contenidos editoriales, formativos o colaboraciones que profundizan en diversos aspectos sobre la celebraci\u00f3n y la fe, propiamente dicha. Como en todas sus ediciones,\u00a0presenta un formato A4, con una considerable calidad gr\u00e1fica y el nivel acostumbrado de la imprenta \u00abGave\u00bb de nuestra localidad.<\/p>\n<p style=\"text-align: justify;\">Entre sus p\u00e1ginas se encuentran las firmas de Juan Antonio Prieto Velasco, Antonio Luis Jim\u00e9nez Barranco, Jose Luis del Corral Gonzalo,\u00a0\u00a0Miguel Rodriguez-Pantoja, entre otros, que abordan la\u00a0historia y el patrimonio de la religiosidad popular y su relaci\u00f3n con las cofrad\u00edas.<\/p>\n<p style=\"text-align: justify;\">Agradecer muy especialmente desde estas l\u00edneas, a las empresas colaboradoras sin cuya aportaci\u00f3n no se podr\u00eda realizar esta revista.<\/p>\n<p style=\"text-align: justify;\">Igualmente,\u00a0puede descargarse en formato pdf desde <a title=\"Revista Vera Cruz 2015\" href=\"http:\/\/issuu.com\/veracrux\/docs\/revista_2015\" target=\"_blank\">aqu\u00ed<\/a>.<\/p>\n","protected":false},"excerpt":{"rendered":"<p>Ya est\u00e1 disponible al p\u00fablico general para su descarga. Durante estos d\u00edas todos los hermanos de nuestra cofrad\u00eda, recibir\u00e9is en vuestros hogares el n\u00famero 13\u00a0de nuestra tradicional revista de Cuaresma \u00abVera Cruz\u00bb. Como en a\u00f1os anteriores, la Cofrad\u00eda\u00a0dedica su publicaci\u00f3n a\u00a0distintos contenidos editoriales, formativos o colaboraciones que profundizan en diversos aspectos sobre la celebraci\u00f3n y [&#038;hellip<\/p>\n","protected":false},"author":1,"featured_media":1057,"comment_status":"closed","ping_status":"open","sticky":false,"template":"","format":"standard","meta":{"advanced_seo_description":"","spay_email":"","jetpack_publicize_message":"","jetpack_is_tweetstorm":false},"categories":[5],"tags":[4],"jetpack_featured_media_url":"https:\/\/i1.wp.com\/veracruzdemontilla.com\/wp-content\/uploads\/2015\/03\/portada.jpg?fit=640%2C400","jetpack_publicize_connections":[],"wpmagazine_modules_lite_featured_media_urls":{"thumbnail":["https:\/\/i1.wp.com\/veracruzdemontilla.com\/wp-content\/uploads\/2015\/03\/portada.jpg?resize=150%2C150",150,150,true],"cvmm-medium":["https:\/\/i1.wp.com\/veracruzdemontilla.com\/wp-content\/uploads\/2015\/03\/portada.jpg?resize=300%2C300",300,300,true],"cvmm-medium-plus":["https:\/\/i1.wp.com\/veracruzdemontilla.com\/wp-content\/uploads\/2015\/03\/portada.jpg?resize=305%2C207",305,207,true],"cvmm-portrait":["https:\/\/i1.wp.com\/veracruzdemontilla.com\/wp-content\/uploads\/2015\/03\/portada.jpg?resize=400%2C400",400,400,true],"cvmm-medium-square":["https:\/\/i1.wp.com\/veracruzdemontilla.com\/wp-content\/uploads\/2015\/03\/portada.jpg?resize=600%2C400",600,400,true],"cvmm-large":["https:\/\/i1.wp.com\/veracruzdemontilla.com\/wp-content\/uploads\/2015\/03\/portada.jpg?resize=640%2C400",640,400,true],"cvmm-small":["https:\/\/i1.wp.com\/veracruzdemontilla.com\/wp-content\/uploads\/2015\/03\/portada.jpg?resize=130%2C95",130,95,true],"full":["https:\/\/i1.wp.com\/veracruzdemontilla.com\/wp-content\/uploads\/2015\/03\/portada.jpg?fit=640%2C400",640,400,false]},"categories_names":{"5":{"name":"Actualidad","link":"http:\/\/veracruzdemontilla.com\/?cat=5"}},"tags_names":{"4":{"name":"Favoritos","link":"http:\/\/veracruzdemontilla.com\/?tag=favoritos"}},"comments_number":"0","jetpack_sharing_enabled":true,"jetpack_shortlink":"https:\/\/wp.me\/p9INPk-gU","jetpack_likes_enabled":true,"jetpack-related-posts":[{"id":88,"url":"http:\/\/veracruzdemontilla.com\/?p=88","url_meta":{"origin":1048,"position":0},"title":"Bolet\u00edn LIGNVM CRVCIS","date":"23 diciembre, 2009","format":false,"excerpt":"En su intento de llegar cada vez a un mayor n\u00famero de hermanos, la Cofrad\u00eda de la Santa Vera Cruz abre un nuevo canal de comunicaci\u00f3n con sus hermanos que nos permitir\u00e1 dar difusi\u00f3n a los actos y noticias m\u00e1s relevantes de la Cofrad\u00eda de una forma m\u00e1s eficaz. Adem\u00e1s\u2026","rel":"","context":"En \u00abSin categor\u00eda\u00bb","img":{"alt_text":"","src":"","width":0,"height":0},"classes":[]},{"id":111,"url":"http:\/\/veracruzdemontilla.com\/?p=111","url_meta":{"origin":1048,"position":1},"title":"Publicaciones","date":"7 enero, 2009","format":false,"excerpt":"La Cofrad\u00eda Penitencial de la Santa Vera Cruz pretende estar abierta a todos sus hermanos y a la sociedad montillana en general, por lo que cuenta con distintos medios de comunicaci\u00f3n y difusi\u00f3n de sus actos: Bolet\u00edn LIGNVM CRVCISRevista VERA+CRVX Adem\u00e1s, uno de los compromisos de la Cofrad\u00eda es el\u2026","rel":"","context":"En \u00abSin categor\u00eda\u00bb","img":{"alt_text":"","src":"","width":0,"height":0},"classes":[]},{"id":1338,"url":"http:\/\/veracruzdemontilla.com\/?p=1338","url_meta":{"origin":1048,"position":2},"title":"Revista Vera Cruz, Semana Santa 2017","date":"3 abril, 2017","format":false,"excerpt":"Siguiendo el estilo de nuestra maquetaci\u00f3n de\u00a0a\u00f1os anteriores, continuamos en la misma l\u00ednea para presentar la Revista de Semana Santa \"Vera+Crux\" 2017. Contando con numerosas colaboraciones, as\u00ed como diferentes curiosidades y actos a celebrar durante este a\u00f1o principalmente a cargo de nuestra Cofrad\u00eda. En ella se pueden encontrar las novedades\u2026","rel":"","context":"En \u00abActualidad\u00bb","img":{"alt_text":"","src":"https:\/\/i1.wp.com\/veracruzdemontilla.com\/wp-content\/uploads\/2017\/04\/revista2017-1.jpg?fit=640%2C400&resize=350%2C200","width":350,"height":200},"classes":[]},{"id":95,"url":"http:\/\/veracruzdemontilla.com\/?p=95","url_meta":{"origin":1048,"position":3},"title":"Historia","date":"25 octubre, 2009","format":false,"excerpt":"El mes de abril de 2005 trajo para los hermanos de la Santa Vera Cruz una magn\u00edfica noticia: el obispo de C\u00f3rdoba, Juan Jos\u00e9 Asenjo, confirmaba la erecci\u00f3n can\u00f3nica de la Hermandad m\u00e1s antigua de la localidad, cuyas primeras referencias hist\u00f3ricas datan de la primera mitad del siglo XVI.Desde el\u2026","rel":"","context":"En \u00abSin categor\u00eda\u00bb","img":{"alt_text":"","src":"","width":0,"height":0},"classes":[]},{"id":1253,"url":"http:\/\/veracruzdemontilla.com\/?p=1253","url_meta":{"origin":1048,"position":4},"title":"Nuestra Cofrad\u00eda reparte en esta ocasi\u00f3n 12.000 \u20ac, en la loter\u00eda de \u201cEl Ni\u00f1o\u201d","date":"6 enero, 2016","format":false,"excerpt":"Nuestra Cofrad\u00eda Penitencial de la Santa Vera Cruz, reparte entre sus\u00a0hermanos, devotos y personas allegadas, m\u00e1s de 12.000 euros en el Sorteo Extraordinario del Ni\u00f1o de la Loter\u00eda Nacional. Este a\u00f1o, la cofrad\u00eda\u00a0ha vendido 20 series completas del n\u00famero 75.514 , agraciado con 60\u00a0euros cada uno (40 euros por la\u2026","rel":"","context":"En \u00abActualidad\u00bb","img":{"alt_text":"","src":"https:\/\/i0.wp.com\/veracruzdemontilla.com\/wp-content\/uploads\/2016\/01\/loteria.jpg?fit=640%2C400&resize=350%2C200","width":350,"height":200},"classes":[]},{"id":2534,"url":"http:\/\/veracruzdemontilla.com\/?p=2534","url_meta":{"origin":1048,"position":5},"title":"Nueva identidad visual para la Cofrad\u00eda Vera Cruz","date":"15 diciembre, 2025","format":false,"excerpt":"La Cofrad\u00eda Penitencial de la Santa Vera Cruz estrena una identidad social renovada, pensada para adaptarse a los nuevos tiempos y canales de comunicaci\u00f3n y ganar presencia en redes sociales. Esta actualizaci\u00f3n busca, fieles a nuestros elementos identificativos, transmitir la esencia de nuestra historia en entornos cofrades digitales con un\u2026","rel":"","context":"En \u00abActualidad\u00bb","img":{"alt_text":"","src":"https:\/\/i1.wp.com\/veracruzdemontilla.com\/wp-content\/uploads\/2025\/12\/Identidad-social_news.jpg?fit=848%2C1200&resize=350%2C200","width":350,"height":200},"classes":[]}],"_links":{"self":[{"href":"http:\/\/veracruzdemontilla.com\/index.php?rest_route=\/wp\/v2\/posts\/1048"}],"collection":[{"href":"http:\/\/veracruzdemontilla.com\/index.php?rest_route=\/wp\/v2\/posts"}],"about":[{"href":"http:\/\/veracruzdemontilla.com\/index.php?rest_route=\/wp\/v2\/types\/post"}],"author":[{"embeddable":true,"href":"http:\/\/veracruzdemontilla.com\/index.php?rest_route=\/wp\/v2\/users\/1"}],"replies":[{"embeddable":true,"href":"http:\/\/veracruzdemontilla.com\/index.php?rest_route=%2Fwp%2Fv2%2Fcomments&post=1048"}],"version-history":[{"count":3,"href":"http:\/\/veracruzdemontilla.com\/index.php?rest_route=\/wp\/v2\/posts\/1048\/revisions"}],"predecessor-version":[{"id":1051,"href":"http:\/\/veracruzdemontilla.com\/index.php?rest_route=\/wp\/v2\/posts\/1048\/revisions\/1051"}],"wp:featuredmedia":[{"embeddable":true,"href":"http:\/\/veracruzdemontilla.com\/index.php?rest_route=\/wp\/v2\/media\/1057"}],"wp:attachment":[{"href":"http:\/\/veracruzdemontilla.com\/index.php?rest_route=%2Fwp%2Fv2%2Fmedia&parent=1048"}],"wp:term":[{"taxonomy":"category","embeddable":true,"href":"http:\/\/veracruzdemontilla.com\/index.php?rest_route=%2Fwp%2Fv2%2Fcategories&post=1048"},{"taxonomy":"post_tag","embeddable":true,"href":"http:\/\/veracruzdemontilla.com\/index.php?rest_route=%2Fwp%2Fv2%2Ftags&post=1048"}],"curies":[{"name":"wp","href":"https:\/\/api.w.org\/{rel}","templated":true}]}}