{"id":1009,"date":"2015-01-07T11:15:45","date_gmt":"2015-01-07T10:15:45","guid":{"rendered":"http:\/\/veracruzdemontilla.com\/?p=1009"},"modified":"2015-01-07T11:15:45","modified_gmt":"2015-01-07T10:15:45","slug":"nuevo-rector-de-la-basilica-de-montilla","status":"publish","type":"post","link":"http:\/\/veracruzdemontilla.com\/?p=1009","title":{"rendered":"Nuevo Rector de la Bas\u00edlica de Montilla"},"content":{"rendered":"<p style=\"text-align: justify;\">El obispo de C\u00f3rdoba, Demetrio Fern\u00e1ndez, ha nombrado a Jos\u00e9 F\u00e9lix Garc\u00eda Jurado, actual p\u00e1rroco de la Sagrada Familia de Lucena, rector de la bas\u00edlica pontificia de San Juan de \u00c1vila de Montilla, donde se encuentra el sepulcro del Santo Doctor de la Iglesia.<\/p>\n<p style=\"text-align: justify;\">Jos\u00e9 F\u00e9lix Garc\u00eda Jurado, quien tambi\u00e9n ejercer\u00e1 como director del centro diocesano San Juan de \u00c1vila y p\u00e1rroco de Santiago Ap\u00f3stol, \u00a0y de San Isidro Labrador del Lagar del Pozo, naci\u00f3 en Espiel (C\u00f3rdoba) hace 34 a\u00f1os. Fue ordenado sacerdote el 23 de junio del a\u00f1o 2007.<\/p>\n<p style=\"text-align: justify;\">Lucena ha sido el \u00fanico lugar en el que, hasta ahora, ha desempe\u00f1ado su vocaci\u00f3n. Primero, como coadjutor en Santo Domingo, y, desde la instituci\u00f3n de la parroquia de la Sagrada Familia en el a\u00f1o 2010, en labores de cura p\u00e1rroco de la respectiva feligres\u00eda.<\/p>\n<p style=\"text-align: justify;\">Hasta el momento, tambi\u00e9n se encargaba de las parroquias de Nuestra Se\u00f1ora del Rosario de la Colina de la Virgen y era capell\u00e1n de las Agustinas Recoletas de Lucena. Adem\u00e1s, es director espiritual del Centro de Orientaci\u00f3n Familiar San Juan Pablo II.<\/p>\n<p style=\"text-align: justify;\">De este modo, habr\u00e1 de afrontar la continuaci\u00f3n del Trienio Jubilar que la Santa Sede concedi\u00f3 a Montilla con motivo de la declaraci\u00f3n de San Juan \u00c1vila como Doctor de la Iglesia.<\/p>\n","protected":false},"excerpt":{"rendered":"<p>El obispo de C\u00f3rdoba, Demetrio Fern\u00e1ndez, ha nombrado a Jos\u00e9 F\u00e9lix Garc\u00eda Jurado, actual p\u00e1rroco de la Sagrada Familia de Lucena, rector de la bas\u00edlica pontificia de San Juan de \u00c1vila de Montilla, donde se encuentra el sepulcro del Santo Doctor de la Iglesia. Jos\u00e9 F\u00e9lix Garc\u00eda Jurado, quien tambi\u00e9n ejercer\u00e1 como director del centro [&#038;hellip<\/p>\n","protected":false},"author":1,"featured_media":1010,"comment_status":"closed","ping_status":"open","sticky":false,"template":"","format":"standard","meta":{"advanced_seo_description":"","spay_email":"","jetpack_publicize_message":"","jetpack_is_tweetstorm":false},"categories":[5],"tags":[4],"jetpack_featured_media_url":"https:\/\/i1.wp.com\/veracruzdemontilla.com\/wp-content\/uploads\/2015\/01\/IMG-20150106-WA0024.jpg?fit=640%2C400","jetpack_publicize_connections":[],"wpmagazine_modules_lite_featured_media_urls":{"thumbnail":["https:\/\/i1.wp.com\/veracruzdemontilla.com\/wp-content\/uploads\/2015\/01\/IMG-20150106-WA0024.jpg?resize=150%2C150",150,150,true],"cvmm-medium":["https:\/\/i1.wp.com\/veracruzdemontilla.com\/wp-content\/uploads\/2015\/01\/IMG-20150106-WA0024.jpg?resize=300%2C300",300,300,true],"cvmm-medium-plus":["https:\/\/i1.wp.com\/veracruzdemontilla.com\/wp-content\/uploads\/2015\/01\/IMG-20150106-WA0024.jpg?resize=305%2C207",305,207,true],"cvmm-portrait":["https:\/\/i1.wp.com\/veracruzdemontilla.com\/wp-content\/uploads\/2015\/01\/IMG-20150106-WA0024.jpg?resize=400%2C400",400,400,true],"cvmm-medium-square":["https:\/\/i1.wp.com\/veracruzdemontilla.com\/wp-content\/uploads\/2015\/01\/IMG-20150106-WA0024.jpg?resize=600%2C400",600,400,true],"cvmm-large":["https:\/\/i1.wp.com\/veracruzdemontilla.com\/wp-content\/uploads\/2015\/01\/IMG-20150106-WA0024.jpg?resize=640%2C400",640,400,true],"cvmm-small":["https:\/\/i1.wp.com\/veracruzdemontilla.com\/wp-content\/uploads\/2015\/01\/IMG-20150106-WA0024.jpg?resize=130%2C95",130,95,true],"full":["https:\/\/i1.wp.com\/veracruzdemontilla.com\/wp-content\/uploads\/2015\/01\/IMG-20150106-WA0024.jpg?fit=640%2C400",640,400,false]},"categories_names":{"5":{"name":"Actualidad","link":"http:\/\/veracruzdemontilla.com\/?cat=5"}},"tags_names":{"4":{"name":"Favoritos","link":"http:\/\/veracruzdemontilla.com\/?tag=favoritos"}},"comments_number":"0","jetpack_sharing_enabled":true,"jetpack_shortlink":"https:\/\/wp.me\/p9INPk-gh","jetpack_likes_enabled":true,"jetpack-related-posts":[{"id":429,"url":"http:\/\/veracruzdemontilla.com\/?p=429","url_meta":{"origin":1009,"position":0},"title":"Comienza el curso de formaci\u00f3n sobre San Juan de \u00c1vila para sacerdotes y seminaristas","date":"8 octubre, 2013","format":false,"excerpt":"Con motivo del primer aniversario del Doctorado de San Juan de \u00c1vila, se est\u00e1 celebrando el curso titulado \u201cIdentidad del presb\u00edtero diocesano secular, seg\u00fan san Juan de \u00c1vila\u201d. El pasado 7 de octubre, coincidiendo con el primer aniversario del nuevo Doctor de la Iglesia, comenz\u00f3 el curso de formaci\u00f3n espiritual\u2026","rel":"","context":"En \u00abActualidad\u00bb","img":{"alt_text":"","src":"https:\/\/i2.wp.com\/veracruzdemontilla.com\/wp-content\/uploads\/2013\/10\/curso-formacion-cordoba.jpg?fit=500%2C333&resize=350%2C200","width":350,"height":200},"classes":[]},{"id":1192,"url":"http:\/\/veracruzdemontilla.com\/?p=1192","url_meta":{"origin":1009,"position":1},"title":"Clausura del Trienio Jubilar en honor de San Juan de \u00c1vila en Montilla","date":"14 octubre, 2015","format":false,"excerpt":"El pasado lunes, 12 de octubre, celebramos la clausura del Trienio Jubilar en honor de San Juan de \u00c1vila\u00a0despu\u00e9s de que el d\u00eda 7 de octubre de 2012 el Papa Benedicto XVI lo declarara Doctor de la Iglesia Universal, presentando al Doctor del Amor divino y del sacerdocio como paradigma\u2026","rel":"","context":"En \u00abActualidad\u00bb","img":{"alt_text":"","src":"https:\/\/i0.wp.com\/veracruzdemontilla.com\/wp-content\/uploads\/2015\/10\/MG_35101b.jpg?fit=640%2C400&resize=350%2C200","width":350,"height":200},"classes":[]},{"id":518,"url":"http:\/\/veracruzdemontilla.com\/?p=518","url_meta":{"origin":1009,"position":2},"title":"Hace un a\u00f1o la CEE visit\u00f3 Montilla","date":"30 noviembre, 2013","format":false,"excerpt":"En estos d\u00edas, se cumple un a\u00f1o de la hist\u00f3rica visita de la Conferencia Episcopal a Montilla con motivo del Jubileo Avilista.\u00a0Se trataba de la segunda vez que la plenaria del Episcopado Espa\u00f1ol realizaba una visita oficial, tras la realizada a Santiago de Compostela. Montilla guarda en su\u00a0memoria\u00a0este d\u00eda. La\u2026","rel":"","context":"En \u00abActualidad\u00bb","img":{"alt_text":"","src":"https:\/\/i1.wp.com\/veracruzdemontilla.com\/wp-content\/uploads\/2013\/11\/IMG_2951.jpg?fit=640%2C400&resize=350%2C200","width":350,"height":200},"classes":[]},{"id":2261,"url":"http:\/\/veracruzdemontilla.com\/?p=2261","url_meta":{"origin":1009,"position":3},"title":"Miguel Varona imparte una conferencia sobre la figura del arcipreste Fern\u00e1ndez Casado","date":"1 mayo, 2025","format":false,"excerpt":"El mi\u00e9rcoles 30 de abril, el Rvdo. D. Miguel Varona Villar, que fuera p\u00e1rroco de Santiago y consiliario de nuestra cofrad\u00eda, imparti\u00f3 una conferencia en la Bas\u00edlica Pontificia de San Juan de \u00c1vila sobre \"el Se\u00f1or Vicario\", como era popularmente conocido D. Luis Fern\u00e1ndez Casado. D. Miguel Varona, director del\u2026","rel":"","context":"En \u00abActualidad\u00bb","img":{"alt_text":"","src":"https:\/\/i0.wp.com\/veracruzdemontilla.com\/wp-content\/uploads\/2025\/04\/WhatsApp-Image-2025-04-29-at-12.56.55.jpeg?fit=848%2C1200&resize=350%2C200","width":350,"height":200},"classes":[]},{"id":460,"url":"http:\/\/veracruzdemontilla.com\/?p=460","url_meta":{"origin":1009,"position":4},"title":"El Vaticano prorroga hasta 2015 el A\u00f1o jubilar","date":"20 octubre, 2013","format":"video","excerpt":"El pasado 10 de octubre, la\u00a0Santa Sede\u00a0comunic\u00f3 al\u00a0obispo de C\u00f3rdoba, monse\u00f1or\u00a0Demetrio Fern\u00e1ndez, que prolongaba el\u00a0A\u00f1o Jubilar de San Juan de \u00c1vila\u00a0dos a\u00f1os m\u00e1s. \u00abSe trata de un hecho singular y poco habitual\u00bb, seg\u00fan explica en su web la Di\u00f3cesis de C\u00f3rdoba. As\u00ed,\u00a0Montilla\u00a0vivir\u00e1 un\u00a0Trienio Jubilar\u00a0como consecuencia de la declaraci\u00f3n, el pasado\u2026","rel":"","context":"En \u00abActualidad\u00bb","img":{"alt_text":"","src":"https:\/\/i2.wp.com\/veracruzdemontilla.com\/wp-content\/uploads\/2013\/10\/san-juan-avila-644-644x362.jpg?fit=644%2C362&resize=350%2C200","width":350,"height":200},"classes":[]},{"id":359,"url":"http:\/\/veracruzdemontilla.com\/?p=359","url_meta":{"origin":1009,"position":5},"title":"San Juan de \u00c1vila, en su A\u00f1o Jubilar, que est\u00e1 acabando, \u00abha desbordado las previsiones\u00bb","date":"23 septiembre, 2013","format":false,"excerpt":"El obispo de C\u00f3rdoba, Demetrio Fern\u00e1ndez, considera que el A\u00f1o Jubilar dedicado a San Juan de \u00c1vila, santo predicador y maestros del siglo XVI, que concluye en octubre, \"ha demostrado\" que el Doctor de la Iglesia \"es un personaje de primer\u00edsima categor\u00eda, en la Iglesia y en la sociedad\". El\u2026","rel":"","context":"En \u00abActualidad\u00bb","img":{"alt_text":"","src":"https:\/\/i0.wp.com\/veracruzdemontilla.com\/wp-content\/uploads\/2013\/09\/demetrio.jpg?fit=827%2C519&resize=350%2C200","width":350,"height":200},"classes":[]}],"_links":{"self":[{"href":"http:\/\/veracruzdemontilla.com\/index.php?rest_route=\/wp\/v2\/posts\/1009"}],"collection":[{"href":"http:\/\/veracruzdemontilla.com\/index.php?rest_route=\/wp\/v2\/posts"}],"about":[{"href":"http:\/\/veracruzdemontilla.com\/index.php?rest_route=\/wp\/v2\/types\/post"}],"author":[{"embeddable":true,"href":"http:\/\/veracruzdemontilla.com\/index.php?rest_route=\/wp\/v2\/users\/1"}],"replies":[{"embeddable":true,"href":"http:\/\/veracruzdemontilla.com\/index.php?rest_route=%2Fwp%2Fv2%2Fcomments&post=1009"}],"version-history":[{"count":3,"href":"http:\/\/veracruzdemontilla.com\/index.php?rest_route=\/wp\/v2\/posts\/1009\/revisions"}],"predecessor-version":[{"id":1013,"href":"http:\/\/veracruzdemontilla.com\/index.php?rest_route=\/wp\/v2\/posts\/1009\/revisions\/1013"}],"wp:featuredmedia":[{"embeddable":true,"href":"http:\/\/veracruzdemontilla.com\/index.php?rest_route=\/wp\/v2\/media\/1010"}],"wp:attachment":[{"href":"http:\/\/veracruzdemontilla.com\/index.php?rest_route=%2Fwp%2Fv2%2Fmedia&parent=1009"}],"wp:term":[{"taxonomy":"category","embeddable":true,"href":"http:\/\/veracruzdemontilla.com\/index.php?rest_route=%2Fwp%2Fv2%2Fcategories&post=1009"},{"taxonomy":"post_tag","embeddable":true,"href":"http:\/\/veracruzdemontilla.com\/index.php?rest_route=%2Fwp%2Fv2%2Ftags&post=1009"}],"curies":[{"name":"wp","href":"https:\/\/api.w.org\/{rel}","templated":true}]}}