{"id":1005,"date":"2015-01-06T13:06:30","date_gmt":"2015-01-06T12:06:30","guid":{"rendered":"http:\/\/veracruzdemontilla.com\/?p=1005"},"modified":"2015-01-06T13:06:30","modified_gmt":"2015-01-06T12:06:30","slug":"nuestra-cofradia-vuelve-a-repartir-36-000-e-esta-vez-en-la-loteria-de-el-nino","status":"publish","type":"post","link":"http:\/\/veracruzdemontilla.com\/?p=1005","title":{"rendered":"Nuestra Cofrad\u00eda vuelve a repartir 36.000 \u20ac, esta vez en la loter\u00eda de \u00abEl Ni\u00f1o\u00bb"},"content":{"rendered":"<p style=\"text-align: justify;\">Si hace menos de un mes nuestra Cofrad\u00eda Penitencial de la Santa Vera Cruz repart\u00eda entre sus\u00a0hermanos, devotos y personas allegadas, m\u00e1s de 66.000 euros en el sorteo extraordinario de la Loter\u00eda de Navidad, al ser agraciados con las terminaciones de las dos \u00faltimas cifras del gordo &#8211; lo cu\u00e1l a\u00fan tenemos muy presente en el seno de nuestra Hermandad\u00a0-, hoy la suerte nos ha querido sonre\u00edr de nuevo al volver a coincidir las dos \u00faltimas cifras del primer premio del sorteo del ni\u00f1o.<\/p>\n<p style=\"text-align: justify;\">Esto se traduce en\u00a0un premio de <strong>120,00 \u20ac<\/strong> al d\u00e9cimo, lo que supone\u00a0un total de <strong>36.000 \u20ac,\u00a0<\/strong>lo que nuestra Cofrad\u00eda\u00a0ha repartido en esta ocasi\u00f3n entre sus hermanos y devotos.<\/p>\n<p style=\"text-align: justify;\">Nos alegramos y felicitamos de nuevo por este golpe de suerte, y como dec\u00edamos hace menos de un mes, seguiremos trabajando por nuestra Cofrad\u00eda y por Nuestros Titulares, que son el \u00fanico motivo que nos anima a llevar a cabo actividades que, como esta y otras muchas, realizamos durante todo el a\u00f1o.<\/p>\n<p style=\"text-align: justify;\">\u00a1Enhorabuena a todos!<\/p>\n","protected":false},"excerpt":{"rendered":"<p>Si hace menos de un mes nuestra Cofrad\u00eda Penitencial de la Santa Vera Cruz repart\u00eda entre sus\u00a0hermanos, devotos y personas allegadas, m\u00e1s de 66.000 euros en el sorteo extraordinario de la Loter\u00eda de Navidad, al ser agraciados con las terminaciones de las dos \u00faltimas cifras del gordo &#8211; lo cu\u00e1l a\u00fan tenemos muy presente en [&#038;hellip<\/p>\n","protected":false},"author":1,"featured_media":1006,"comment_status":"closed","ping_status":"open","sticky":false,"template":"","format":"standard","meta":{"advanced_seo_description":"","spay_email":"","jetpack_publicize_message":"","jetpack_is_tweetstorm":false},"categories":[5],"tags":[4],"jetpack_featured_media_url":"https:\/\/i1.wp.com\/veracruzdemontilla.com\/wp-content\/uploads\/2015\/01\/loteria-ni\u00f1o_0.jpg?fit=640%2C400","jetpack_publicize_connections":[],"wpmagazine_modules_lite_featured_media_urls":{"thumbnail":["https:\/\/i1.wp.com\/veracruzdemontilla.com\/wp-content\/uploads\/2015\/01\/loteria-ni\u00f1o_0.jpg?resize=150%2C150",150,150,true],"cvmm-medium":["https:\/\/i1.wp.com\/veracruzdemontilla.com\/wp-content\/uploads\/2015\/01\/loteria-ni\u00f1o_0.jpg?resize=300%2C300",300,300,true],"cvmm-medium-plus":["https:\/\/i1.wp.com\/veracruzdemontilla.com\/wp-content\/uploads\/2015\/01\/loteria-ni\u00f1o_0.jpg?resize=305%2C207",305,207,true],"cvmm-portrait":["https:\/\/i1.wp.com\/veracruzdemontilla.com\/wp-content\/uploads\/2015\/01\/loteria-ni\u00f1o_0.jpg?resize=400%2C400",400,400,true],"cvmm-medium-square":["https:\/\/i1.wp.com\/veracruzdemontilla.com\/wp-content\/uploads\/2015\/01\/loteria-ni\u00f1o_0.jpg?resize=600%2C400",600,400,true],"cvmm-large":["https:\/\/i1.wp.com\/veracruzdemontilla.com\/wp-content\/uploads\/2015\/01\/loteria-ni\u00f1o_0.jpg?resize=640%2C400",640,400,true],"cvmm-small":["https:\/\/i1.wp.com\/veracruzdemontilla.com\/wp-content\/uploads\/2015\/01\/loteria-ni\u00f1o_0.jpg?resize=130%2C95",130,95,true],"full":["https:\/\/i1.wp.com\/veracruzdemontilla.com\/wp-content\/uploads\/2015\/01\/loteria-ni\u00f1o_0.jpg?fit=640%2C400",640,400,false]},"categories_names":{"5":{"name":"Actualidad","link":"http:\/\/veracruzdemontilla.com\/?cat=5"}},"tags_names":{"4":{"name":"Favoritos","link":"http:\/\/veracruzdemontilla.com\/?tag=favoritos"}},"comments_number":"0","jetpack_sharing_enabled":true,"jetpack_shortlink":"https:\/\/wp.me\/p9INPk-gd","jetpack_likes_enabled":true,"jetpack-related-posts":[{"id":1253,"url":"http:\/\/veracruzdemontilla.com\/?p=1253","url_meta":{"origin":1005,"position":0},"title":"Nuestra Cofrad\u00eda reparte en esta ocasi\u00f3n 12.000 \u20ac, en la loter\u00eda de \u201cEl Ni\u00f1o\u201d","date":"6 enero, 2016","format":false,"excerpt":"Nuestra Cofrad\u00eda Penitencial de la Santa Vera Cruz, reparte entre sus\u00a0hermanos, devotos y personas allegadas, m\u00e1s de 12.000 euros en el Sorteo Extraordinario del Ni\u00f1o de la Loter\u00eda Nacional. Este a\u00f1o, la cofrad\u00eda\u00a0ha vendido 20 series completas del n\u00famero 75.514 , agraciado con 60\u00a0euros cada uno (40 euros por la\u2026","rel":"","context":"En \u00abActualidad\u00bb","img":{"alt_text":"","src":"https:\/\/i0.wp.com\/veracruzdemontilla.com\/wp-content\/uploads\/2016\/01\/loteria.jpg?fit=640%2C400&resize=350%2C200","width":350,"height":200},"classes":[]},{"id":993,"url":"http:\/\/veracruzdemontilla.com\/?p=993","url_meta":{"origin":1005,"position":1},"title":"Nuestra Cofrad\u00eda reparte m\u00e1s de 66.000 \u20ac en la Loter\u00eda de Navidad","date":"22 diciembre, 2014","format":false,"excerpt":"Tras varios a\u00f1os tentando a la suerte en el Sorteo Extraordinario de la Loter\u00eda Nacional, m\u00e1s conocido como el Gordo de Navidad, nuestra Cofrad\u00eda se ha visto agraciada en esta edici\u00f3n con la terminaci\u00f3n de las dos \u00faltimas cifras del primer premio, que ha reca\u00eddo en el n\u00famero 13.437. La\u2026","rel":"","context":"En \u00abActualidad\u00bb","img":{"alt_text":"","src":"https:\/\/i1.wp.com\/veracruzdemontilla.com\/wp-content\/uploads\/2014\/12\/premiado.jpg?fit=644%2C362&resize=350%2C200","width":350,"height":200},"classes":[]},{"id":1174,"url":"http:\/\/veracruzdemontilla.com\/?p=1174","url_meta":{"origin":1005,"position":2},"title":"Recordatorio, Loter\u00eda de Navidad","date":"30 septiembre, 2015","format":false,"excerpt":"Recordamos a nuestros hermanos y devotos, que nuestra Cofrad\u00eda, ya dispone de los d\u00e9cimos y participaciones para el Sorteo Extraordinario de Navidad de la Loter\u00eda Nacional. Este a\u00f1o,\u00a0el n\u00famero jugado es el\u00a089.952, los d\u00e9cimos los podr\u00e1s conseguir contactando con alguno de los miembros de la Junta de Gobierno, o en\u2026","rel":"","context":"En \u00abActualidad\u00bb","img":{"alt_text":"","src":"https:\/\/i1.wp.com\/veracruzdemontilla.com\/wp-content\/uploads\/2015\/09\/navidad2015.jpg?fit=640%2C400&resize=350%2C200","width":350,"height":200},"classes":[]},{"id":1126,"url":"http:\/\/veracruzdemontilla.com\/?p=1126","url_meta":{"origin":1005,"position":3},"title":"El n\u00famero 89.952 , es el jugado este a\u00f1o en el Sorteo Extraordinario de Navidad","date":"24 julio, 2015","format":false,"excerpt":"Como viene siendo habitual, nuestra Cofrad\u00eda vuelve a poner a disposici\u00f3n de todo aquel que\u00a0lo desee, loter\u00eda para el Sorteo Extraordinario de Navidad, con el fin de obtener beneficios con\u00a0los que afrontar los proyectos y retos que, desde la Junta de Gobierno, se han planteado para\u00a0este pr\u00f3ximo a\u00f1o. Ya puedes\u2026","rel":"","context":"En \u00abActualidad\u00bb","img":{"alt_text":"","src":"https:\/\/i0.wp.com\/veracruzdemontilla.com\/wp-content\/uploads\/2015\/07\/maxresdefault.jpg?fit=600%2C400&resize=350%2C200","width":350,"height":200},"classes":[]},{"id":996,"url":"http:\/\/veracruzdemontilla.com\/?p=996","url_meta":{"origin":1005,"position":4},"title":"Cobro de la Loter\u00eda de Navidad","date":"25 diciembre, 2014","format":false,"excerpt":"Como comentamos ayer lunes,\u00a0el n\u00famero 88.437\u00a0que este a\u00f1o ha jugado nuestra Cofrad\u00eda,\u00a0ha resultado agraciado en el Sorteo Extraordinario de la Loter\u00eda de Navidad del presente a\u00f1o 2014, lo que supone un premio de 26,40 euros por papeleta. Para facilitar el cobro del premio en estas fiestas de Navidad, se han\u2026","rel":"","context":"En \u00abActualidad\u00bb","img":{"alt_text":"","src":"https:\/\/i2.wp.com\/veracruzdemontilla.com\/wp-content\/uploads\/2014\/12\/23diciembre.jpg?fit=640%2C400&resize=350%2C200","width":350,"height":200},"classes":[]},{"id":63,"url":"http:\/\/veracruzdemontilla.com\/?p=63","url_meta":{"origin":1005,"position":5},"title":"Pr\u00f3xima actividad: rifa ben\u00e9fica durante el mes de octubre","date":"9 septiembre, 2010","format":false,"excerpt":"La Cofrad\u00eda Penitencial de la Santa Vera Cruz pone de nuevo en marcha una Rifa durante todo el mes de octubre. La Junta de Gobierno quiere hacer part\u00edcipes a todos los hermanos de esta actividad que desarrollar\u00e1 a lo largo de los pr\u00f3ximos meses, a beneficio de nuestra Hermandad.Como es\u2026","rel":"","context":"En \u00abSin categor\u00eda\u00bb","img":{"alt_text":"","src":"","width":0,"height":0},"classes":[]}],"_links":{"self":[{"href":"http:\/\/veracruzdemontilla.com\/index.php?rest_route=\/wp\/v2\/posts\/1005"}],"collection":[{"href":"http:\/\/veracruzdemontilla.com\/index.php?rest_route=\/wp\/v2\/posts"}],"about":[{"href":"http:\/\/veracruzdemontilla.com\/index.php?rest_route=\/wp\/v2\/types\/post"}],"author":[{"embeddable":true,"href":"http:\/\/veracruzdemontilla.com\/index.php?rest_route=\/wp\/v2\/users\/1"}],"replies":[{"embeddable":true,"href":"http:\/\/veracruzdemontilla.com\/index.php?rest_route=%2Fwp%2Fv2%2Fcomments&post=1005"}],"version-history":[{"count":2,"href":"http:\/\/veracruzdemontilla.com\/index.php?rest_route=\/wp\/v2\/posts\/1005\/revisions"}],"predecessor-version":[{"id":1175,"href":"http:\/\/veracruzdemontilla.com\/index.php?rest_route=\/wp\/v2\/posts\/1005\/revisions\/1175"}],"wp:featuredmedia":[{"embeddable":true,"href":"http:\/\/veracruzdemontilla.com\/index.php?rest_route=\/wp\/v2\/media\/1006"}],"wp:attachment":[{"href":"http:\/\/veracruzdemontilla.com\/index.php?rest_route=%2Fwp%2Fv2%2Fmedia&parent=1005"}],"wp:term":[{"taxonomy":"category","embeddable":true,"href":"http:\/\/veracruzdemontilla.com\/index.php?rest_route=%2Fwp%2Fv2%2Fcategories&post=1005"},{"taxonomy":"post_tag","embeddable":true,"href":"http:\/\/veracruzdemontilla.com\/index.php?rest_route=%2Fwp%2Fv2%2Ftags&post=1005"}],"curies":[{"name":"wp","href":"https:\/\/api.w.org\/{rel}","templated":true}]}}